{"id":4085,"date":"2025-06-10T13:33:39","date_gmt":"2025-06-10T13:33:39","guid":{"rendered":"https:\/\/www.adoptaocasa.ro\/?p=4085"},"modified":"2025-06-10T15:40:01","modified_gmt":"2025-06-10T15:40:01","slug":"finalizare_bis_reformata","status":"publish","type":"post","link":"https:\/\/www.adoptaocasa.ro\/en\/noutati\/finalizare_bis_reformata","title":{"rendered":"The Reformed Church in Ro\u0219ia Montan\u0103 is waiting for you to cross its threshold!"},"content":{"rendered":"<p><strong>With great joy, we share with you, volunteers, donors, local community, craftsmen, collaborators, specialists, the news of the completion of the repair works at the Reformed Church in Ro\u0219ia Montan\u0103, also marked by the reception of the works that took place on June 5, 2025. The joy is even greater as the building already hosts events for the general public!<\/strong><\/p>\n<p><a href=\"https:\/\/www.adoptaocasa.ro\/wp-content\/uploads\/2025\/06\/Before-and-After-Image-Youtube-Thumbnail-5.png\"><img loading=\"lazy\" class=\"alignleft size-full wp-image-4092\" src=\"https:\/\/www.adoptaocasa.ro\/wp-content\/uploads\/2025\/06\/Before-and-After-Image-Youtube-Thumbnail-5.png\" alt=\"\" width=\"1280\" height=\"720\" srcset=\"https:\/\/www.adoptaocasa.ro\/wp-content\/uploads\/2025\/06\/Before-and-After-Image-Youtube-Thumbnail-5.png 1280w, https:\/\/www.adoptaocasa.ro\/wp-content\/uploads\/2025\/06\/Before-and-After-Image-Youtube-Thumbnail-5-300x169.png 300w, https:\/\/www.adoptaocasa.ro\/wp-content\/uploads\/2025\/06\/Before-and-After-Image-Youtube-Thumbnail-5-1024x576.png 1024w, https:\/\/www.adoptaocasa.ro\/wp-content\/uploads\/2025\/06\/Before-and-After-Image-Youtube-Thumbnail-5-768x432.png 768w, https:\/\/www.adoptaocasa.ro\/wp-content\/uploads\/2025\/06\/Before-and-After-Image-Youtube-Thumbnail-5-700x394.png 700w\" sizes=\"(max-width: 1280px) 100vw, 1280px\" \/><\/a><\/p>\n<p>&nbsp;<\/p>\n<p>It is a good opportunity to recall some of the technical data and also those who managed, together, to bring this endeavor to fruition. So, in short:<\/p>\n<p>In 2007, the <strong>ARA Association &#8211; Architecture. Restoration. Archaeology (ARA)<\/strong> carried out the first documentation of the building, a detailed specialized survey of the Reformed Church in Ro\u0219ia Montan\u0103 (published in 2010), in the hope of finding solutions for its restoration. The church was already in a precarious state of preservation. It had been renovated in the 1970s, when large portions of the interior and exterior plasters were replaced with cement plasters. The chemical, physical and biological incompatibility of cement with historical construction materials and systems resulted in the appearance of salt efflorescence and the deterioration of the masonry. The interior floor, made of cement at that time, heavily deteriorated, had been applied over the original brick and stone floor, which was largely irreparably damaged. The church preserved its historic joinery, with the exception of the elliptical window on the first level of the tower. The exterior decorative elements showed deterioration of the material caused by the loss of cohesion of the material. The sheet metal roofing installed in the 1970s had replaced the historic shingle roofing. This constituted a significant change in the authentic architectural image of the building, characterized until then by the firm, black-and-white contrast between the whitewashed surfaces and the weathered wood.<\/p>\n<p>The uncertain situation and the limited possibilities for intervention meant that only in 2019 was the Ro\u0219ia Montan\u0103 Reformed Parish able to initiate a complex intervention project. In 2021, however, the works stopped, but through the ARA Association, through the Adopt a House in Ro\u0219ia Montan\u0103 program, we supported their resumption two years later.<\/p>\n<p>Thus, in 2023, interior flooring works were carried out, masonry gaps were filled, preliminary work on decorative profiles and exterior plastering, the covering of the tower with wooden shingles &#8211; carried out by shingle craftsmen from Albac, the introduction of the rainwater collection system and its channeling, the introduction of the lightning rod, etc. In 2024, the exterior finishes, the tower&#8217;s carpentry, part of the interior furniture and most of the interior finishes (plasters and whitewashes) were completed.<\/p>\n<p><a href=\"https:\/\/www.adoptaocasa.ro\/wp-content\/uploads\/2025\/06\/Before-and-After-Image-Youtube-Thumbnail-1.png\"><img loading=\"lazy\" class=\"alignleft size-full wp-image-4090\" src=\"https:\/\/www.adoptaocasa.ro\/wp-content\/uploads\/2025\/06\/Before-and-After-Image-Youtube-Thumbnail-1.png\" alt=\"\" width=\"1280\" height=\"720\" srcset=\"https:\/\/www.adoptaocasa.ro\/wp-content\/uploads\/2025\/06\/Before-and-After-Image-Youtube-Thumbnail-1.png 1280w, https:\/\/www.adoptaocasa.ro\/wp-content\/uploads\/2025\/06\/Before-and-After-Image-Youtube-Thumbnail-1-300x169.png 300w, https:\/\/www.adoptaocasa.ro\/wp-content\/uploads\/2025\/06\/Before-and-After-Image-Youtube-Thumbnail-1-1024x576.png 1024w, https:\/\/www.adoptaocasa.ro\/wp-content\/uploads\/2025\/06\/Before-and-After-Image-Youtube-Thumbnail-1-768x432.png 768w, https:\/\/www.adoptaocasa.ro\/wp-content\/uploads\/2025\/06\/Before-and-After-Image-Youtube-Thumbnail-1-700x394.png 700w\" sizes=\"(max-width: 1280px) 100vw, 1280px\" \/><\/a><\/p>\n<p>&nbsp;<\/p>\n<p><span style=\"font-weight: 400;\">In 2025, together with the <strong>Ro\u0219ia Montan\u0103 World Heritage Association<\/strong>, which covered the labor costs, exterior paving works were carried out and interior finishes were completed, thus preparing the building for the first exhibition hosted here, inaugurated on 08.06.2025, the <strong>Order of the Colored Helmets Exhibition<\/strong>, signed by the artist <strong>Ion Barbu<\/strong>.\u00a0<\/span><\/p>\n<p style=\"text-align: center;\"><span style=\"font-weight: 400;\">______<\/span><\/p>\n<p><strong>Financing of the works:<\/strong><\/p>\n<ul>\n<li><strong>Ro\u0219ia Montan\u0103 Reformed Parish<\/strong> (2019-2024 \/ 451,011.32 lei &#8211; 72% of the total value, representing materials, labor, design and authorization).<\/li>\n<li><strong>ARA Association<\/strong> through the <strong>Adopt a House Program<\/strong> (2023-2025 \/ 152,666.02 lei &#8211; 24.37% representing materials, labor &#8211; to which is added the voluntary work of approximately 120 volunteers, as well as the design and technical assistance for the repair works offered pro-bono by the ARA Association and OPUS &#8211; architectural studio).<\/li>\n<li><strong>Ro\u0219ia Montan\u0103 in World Heritage <\/strong><strong>Association<\/strong>\u00a0(2025 \/ 22,710 lei &#8211; 3.63% representing the labor costs for interior finishing works and exterior paving).<\/li>\n<\/ul>\n<p>The funds with which the <strong>ARA Association<\/strong> was able to contribute to this intervention come from funding obtained for the Adopt a House Program from <strong>AFCN &#8211; the National Cultural Fund Administratio<\/strong>n, <strong>OAR &#8211; the Order of Architects of Romania<\/strong>, the Architecture Stamp, through the program dedicated to summer schools, from <strong>IBSB &#8211; International British School of Bucharest<\/strong> &#8211; through its own volunteering and fundraising program, as well as from the <strong>Costa Carras European Citizens Award<\/strong> obtained by the ARA Association in 2023 (<em>Costa Carras European Citizens Award for the Safeguard of Endangered Cultural and Natural Heritage 2023<\/em>), offered by <strong>Europa Nostra<\/strong>, the pan-European federation of heritage organizations and <strong>Elliniki Etairia<\/strong>.<\/p>\n<p><a href=\"https:\/\/www.adoptaocasa.ro\/wp-content\/uploads\/2025\/06\/Untitled-design-18.png\"><img loading=\"lazy\" class=\"alignleft size-full wp-image-4091\" src=\"https:\/\/www.adoptaocasa.ro\/wp-content\/uploads\/2025\/06\/Untitled-design-18.png\" alt=\"\" width=\"2560\" height=\"1440\" srcset=\"https:\/\/www.adoptaocasa.ro\/wp-content\/uploads\/2025\/06\/Untitled-design-18.png 2560w, https:\/\/www.adoptaocasa.ro\/wp-content\/uploads\/2025\/06\/Untitled-design-18-300x169.png 300w, https:\/\/www.adoptaocasa.ro\/wp-content\/uploads\/2025\/06\/Untitled-design-18-1024x576.png 1024w, https:\/\/www.adoptaocasa.ro\/wp-content\/uploads\/2025\/06\/Untitled-design-18-768x432.png 768w, https:\/\/www.adoptaocasa.ro\/wp-content\/uploads\/2025\/06\/Untitled-design-18-1536x864.png 1536w, https:\/\/www.adoptaocasa.ro\/wp-content\/uploads\/2025\/06\/Untitled-design-18-2048x1152.png 2048w, https:\/\/www.adoptaocasa.ro\/wp-content\/uploads\/2025\/06\/Untitled-design-18-700x394.png 700w\" sizes=\"(max-width: 2560px) 100vw, 2560px\" \/><\/a><\/p>\n<p>&nbsp;<\/p>\n<p>We would like to emphasize <strong>the significant contribution of the volunteers<\/strong> (coordinated by arch. Virgil Apostol, Andi Jurca and Andrei Szekely, local craftsmen), because beyond the enthusiasm of each individual involvement, this contribution also translates into a reduction in the costs of the final intervention of at least 15% of the total value.<\/p>\n<p><strong>We also remind you:<\/strong><\/p>\n<ul>\n<li><strong>The design and technical assistance<\/strong> were carried out by OPUS &#8211; Architecture Studio \/\/ project manager dr. arch. Virgil Apostol, certified by the Ministry of Culture, dr. arch. Sorana Vlad, arch. Claudia Apostol, arch. Nicoleta Marian, arch. Ioana Suceava, arch. Alexandra Cioara, eng. \u0218tefan Geant\u0103, eng. Beatrice B\u0103lea.<\/li>\n<li><strong>Survey<\/strong>: ARA Association, 2007, within the ARA III Summer School &#8211; arch. Virgil Apostol, arch. \u0218tefan B\u00e2lici, architectural students Alin Dun\u0103re, Mihai Gogu, Vlad Ivane\u021b, Ana-Maria Potoschi, published in <em>Ro\u0219ia Montan\u0103 &#8211; Architectural Documents I,<\/em> ARA Publishing House, 2010.<\/li>\n<\/ul>\n<p><a href=\"https:\/\/www.adoptaocasa.ro\/wp-content\/uploads\/2025\/06\/486774102_1076634901167703_429899958726865487_n-1.jpg\"><img loading=\"lazy\" class=\"alignleft size-full wp-image-4087\" src=\"https:\/\/www.adoptaocasa.ro\/wp-content\/uploads\/2025\/06\/486774102_1076634901167703_429899958726865487_n-1.jpg\" alt=\"\" width=\"1920\" height=\"1080\" srcset=\"https:\/\/www.adoptaocasa.ro\/wp-content\/uploads\/2025\/06\/486774102_1076634901167703_429899958726865487_n-1.jpg 1920w, https:\/\/www.adoptaocasa.ro\/wp-content\/uploads\/2025\/06\/486774102_1076634901167703_429899958726865487_n-1-300x169.jpg 300w, https:\/\/www.adoptaocasa.ro\/wp-content\/uploads\/2025\/06\/486774102_1076634901167703_429899958726865487_n-1-1024x576.jpg 1024w, https:\/\/www.adoptaocasa.ro\/wp-content\/uploads\/2025\/06\/486774102_1076634901167703_429899958726865487_n-1-768x432.jpg 768w, https:\/\/www.adoptaocasa.ro\/wp-content\/uploads\/2025\/06\/486774102_1076634901167703_429899958726865487_n-1-1536x864.jpg 1536w, https:\/\/www.adoptaocasa.ro\/wp-content\/uploads\/2025\/06\/486774102_1076634901167703_429899958726865487_n-1-700x394.jpg 700w\" sizes=\"(max-width: 1920px) 100vw, 1920px\" \/><\/a><\/p>\n<p style=\"text-align: center;\"><span style=\"font-weight: 400;\">______<\/span><\/p>\n<p>The repair work is over, but there are still things that we hope to be able to accomplish together: from completing the restoration of special furniture pieces, such as the worship table already in the Cluj workshop of the restoration specialists from BBU Restore, the pulpit that we plan to complete with volunteers this summer, to the exterior landscaping of the Church courtyard.<\/p>\n<p>You can contribute by making a donation to the account of the <strong>ARA Association &#8211; Architecture. Restoration. Archaeology<\/strong>, the initiator of the <strong>Adopt a House program in Ro\u0219ia Montan\u0103<\/strong>: RO37RNCB0484159217100001 \/ CUI 18876357 \/ Swift: RNCBROBUXXX \/ RNCBROBU<\/p>\n<p><strong>Thank you!<\/strong><\/p>\n<p>&nbsp;<\/p>\n<p><a href=\"https:\/\/www.adoptaocasa.ro\/wp-content\/uploads\/2025\/06\/Before-and-After-Image-Youtube-Thumbnail-3.png\"><img loading=\"lazy\" class=\"alignleft size-full wp-image-4089\" src=\"https:\/\/www.adoptaocasa.ro\/wp-content\/uploads\/2025\/06\/Before-and-After-Image-Youtube-Thumbnail-3.png\" alt=\"\" width=\"1280\" height=\"720\" srcset=\"https:\/\/www.adoptaocasa.ro\/wp-content\/uploads\/2025\/06\/Before-and-After-Image-Youtube-Thumbnail-3.png 1280w, https:\/\/www.adoptaocasa.ro\/wp-content\/uploads\/2025\/06\/Before-and-After-Image-Youtube-Thumbnail-3-300x169.png 300w, https:\/\/www.adoptaocasa.ro\/wp-content\/uploads\/2025\/06\/Before-and-After-Image-Youtube-Thumbnail-3-1024x576.png 1024w, https:\/\/www.adoptaocasa.ro\/wp-content\/uploads\/2025\/06\/Before-and-After-Image-Youtube-Thumbnail-3-768x432.png 768w, https:\/\/www.adoptaocasa.ro\/wp-content\/uploads\/2025\/06\/Before-and-After-Image-Youtube-Thumbnail-3-700x394.png 700w\" sizes=\"(max-width: 1280px) 100vw, 1280px\" \/><\/a><\/p>\n<p style=\"text-align: center;\"><span style=\"font-weight: 400;\">______<\/span><\/p>\n<p><strong>We thank the Ro\u0219ia Montan\u0103 Reformed Parish and its representatives<\/strong>, priest P\u00e9ter S\u00e1ndor Lad\u00e1nyi and Mr. L\u00f3r\u00e1nd Kopenetz, first curator, for their trust and collaboration, as well as all the <strong>funders and partners, collaborators, craftsmen and volunteers<\/strong> who remain the soul of this program and make such achievements possible.<\/p>\n<p style=\"text-align: center;\"><span style=\"font-weight: 400;\">______<\/span><\/p>\n<p><a href=\"https:\/\/www.adoptaocasa.ro\/wp-content\/uploads\/2025\/06\/Untitled-design-47.png\"><img loading=\"lazy\" class=\"size-full wp-image-4088 aligncenter\" src=\"https:\/\/www.adoptaocasa.ro\/wp-content\/uploads\/2025\/06\/Untitled-design-47.png\" alt=\"\" width=\"940\" height=\"788\" srcset=\"https:\/\/www.adoptaocasa.ro\/wp-content\/uploads\/2025\/06\/Untitled-design-47.png 940w, https:\/\/www.adoptaocasa.ro\/wp-content\/uploads\/2025\/06\/Untitled-design-47-300x251.png 300w, https:\/\/www.adoptaocasa.ro\/wp-content\/uploads\/2025\/06\/Untitled-design-47-768x644.png 768w, https:\/\/www.adoptaocasa.ro\/wp-content\/uploads\/2025\/06\/Untitled-design-47-700x587.png 700w\" sizes=\"(max-width: 940px) 100vw, 940px\" \/><\/a><\/p>\n<p><span style=\"font-weight: 400;\">\ud83e\udd73 \ud83e\udd73 We conclude by resuming the invitation to cross the threshold of the Reformed Church in Ro\u0219ia Montan\u0103 this summer to see the <strong>Exhibition of the Order of Colored Helmets<\/strong> by artist Ion Barbu, an extraordinary example that illustrates in an exceptional artistic manner how objects loaded with meanings, mining helmets in this case, can be re-interpreted and come back to life thanks to the care and creativity of those who watch over this heritage &#8211; a project initiated by the <strong>Ro\u0219ia Montan\u0103 in World Heritage Association<\/strong>, through the <em>Interpreted Ro\u0219ia Montan\u0103<\/em> project, co-financed by AFCN &#8211; the Administration of the National Cultural Fund, carried out in partnership with NIH &#8211; the National Institute of Heritage, the Ro\u0219ia Montan\u0103 Cultural Landscape Association, and ARA Association &#8211; through the <em>Adopt a House in Ro\u0219ia Montan\u0103<\/em> program.<\/span><\/p>\n<p style=\"text-align: center;\"><strong>Visit Ro\u0219ia Montan\u0103!<\/strong><\/p>\n<p><\/p>","protected":false},"excerpt":{"rendered":"<p>With great joy, we share with you, volunteers, donors, local community, craftsmen, collaborators, specialists, the news of the completion of the repair works at the Reformed Church in Ro\u0219ia Montan\u0103, also marked by the reception of the works that took place on June 5, 2025. The joy is even greater as the building already hosts &#8230;<\/p>\n","protected":false},"author":2,"featured_media":4092,"comment_status":"open","ping_status":"open","sticky":false,"template":"","format":"standard","meta":{"_mi_skip_tracking":false,"_monsterinsights_sitenote_active":false,"_monsterinsights_sitenote_note":"","_monsterinsights_sitenote_category":0},"categories":[4],"tags":[],"_links":{"self":[{"href":"https:\/\/www.adoptaocasa.ro\/en\/wp-json\/wp\/v2\/posts\/4085"}],"collection":[{"href":"https:\/\/www.adoptaocasa.ro\/en\/wp-json\/wp\/v2\/posts"}],"about":[{"href":"https:\/\/www.adoptaocasa.ro\/en\/wp-json\/wp\/v2\/types\/post"}],"author":[{"embeddable":true,"href":"https:\/\/www.adoptaocasa.ro\/en\/wp-json\/wp\/v2\/users\/2"}],"replies":[{"embeddable":true,"href":"https:\/\/www.adoptaocasa.ro\/en\/wp-json\/wp\/v2\/comments?post=4085"}],"version-history":[{"count":13,"href":"https:\/\/www.adoptaocasa.ro\/en\/wp-json\/wp\/v2\/posts\/4085\/revisions"}],"predecessor-version":[{"id":4107,"href":"https:\/\/www.adoptaocasa.ro\/en\/wp-json\/wp\/v2\/posts\/4085\/revisions\/4107"}],"wp:featuredmedia":[{"embeddable":true,"href":"https:\/\/www.adoptaocasa.ro\/en\/wp-json\/wp\/v2\/media\/4092"}],"wp:attachment":[{"href":"https:\/\/www.adoptaocasa.ro\/en\/wp-json\/wp\/v2\/media?parent=4085"}],"wp:term":[{"taxonomy":"category","embeddable":true,"href":"https:\/\/www.adoptaocasa.ro\/en\/wp-json\/wp\/v2\/categories?post=4085"},{"taxonomy":"post_tag","embeddable":true,"href":"https:\/\/www.adoptaocasa.ro\/en\/wp-json\/wp\/v2\/tags?post=4085"}],"curies":[{"name":"wp","href":"https:\/\/api.w.org\/{rel}","templated":true}]}}