{"id":3517,"date":"2022-02-06T09:42:03","date_gmt":"2022-02-06T09:42:03","guid":{"rendered":"https:\/\/www.adoptaocasa.ro\/?p=3517"},"modified":"2022-02-06T09:49:55","modified_gmt":"2022-02-06T09:49:55","slug":"la-multi-ani-rosia-montana-bilant-2021-planuri-pentru-2022","status":"publish","type":"post","link":"https:\/\/www.adoptaocasa.ro\/en\/noutati\/la-multi-ani-rosia-montana-bilant-2021-planuri-pentru-2022","title":{"rendered":"La mul\u021bi ani, Ro\u0219ia Montan\u0103: bilan\u021b 2021, planuri pentru 2022"},"content":{"rendered":"<p><strong>La mul\u021bi ani, Ro\u0219ia Montan\u0103, la cei 1891 de ani atesta\u021bi documentar!\u00a0<\/strong><\/p>\n<p><span style=\"font-weight: 400;\">Este al doilea an de pandemie \u00een care evenimentele cu care eram obi\u0219nui\u021bi s\u0103 marc\u0103m acest moment nu s-au putut organiza. Este \u0219i prima aniversare a anticului Alburnus Maior ca sit recunoscut al Umanit\u0103\u021bii, parte a Patrimoniului Mondial. Ne afl\u0103m \u00een egal\u0103 m\u0103sur\u0103 la cap\u0103t \u0219i la \u00eenceput de drum.<\/span><\/p>\n<p><a href=\"https:\/\/www.adoptaocasa.ro\/wp-content\/uploads\/2022\/02\/aoc2022.png\"><img loading=\"lazy\" class=\"alignnone size-full wp-image-3542\" src=\"https:\/\/www.adoptaocasa.ro\/wp-content\/uploads\/2022\/02\/aoc2022.png\" alt=\"\" width=\"1920\" height=\"1080\" srcset=\"https:\/\/www.adoptaocasa.ro\/wp-content\/uploads\/2022\/02\/aoc2022.png 1920w, https:\/\/www.adoptaocasa.ro\/wp-content\/uploads\/2022\/02\/aoc2022-300x169.png 300w, https:\/\/www.adoptaocasa.ro\/wp-content\/uploads\/2022\/02\/aoc2022-1024x576.png 1024w, https:\/\/www.adoptaocasa.ro\/wp-content\/uploads\/2022\/02\/aoc2022-768x432.png 768w, https:\/\/www.adoptaocasa.ro\/wp-content\/uploads\/2022\/02\/aoc2022-1536x864.png 1536w, https:\/\/www.adoptaocasa.ro\/wp-content\/uploads\/2022\/02\/aoc2022-700x394.png 700w\" sizes=\"(max-width: 1920px) 100vw, 1920px\" \/><\/a><\/p>\n<p><span style=\"font-weight: 400;\">Anul trecut, pe 6 februarie, v\u0103 ceream sprijinul \u00eentr-un proiect ambi\u021bios din cadrul programului nostru: Lapidarium-ul muzeului mineritului din incinta fostei \u00centreprinderi Miniere, pentru care erau necesare lucr\u0103ri de interven\u021bie \u00een regim de urgen\u021b\u0103 pentru a desface fosta structur\u0103 de protec\u021bie, par\u021bial pr\u0103bu\u0219it\u0103 peste piesele antice \u0219i pentru a ridica una noua, adecvat\u0103. O campanie ambi\u021bioas\u0103 de str\u00e2ngere de fonduri a mobilizat comunitatea local\u0103 care a oferit \u00een schimbul dona\u021biilor servicii \u0219i produse pentru a recompensa donatorii: mini vacan\u021be cu cazare, produse tricotate, tururi ghidate diverse, kituri de participare la maratonul care se organizeaz\u0103 anual aici. A\u021bi r\u0103spuns cu mult entuziasm \u0219i s-au str\u00e2ns \u00eentr-o lun\u0103 16.000 de lei care au completat sumele necesare, ob\u021binute prin finan\u021b\u0103ri AFCN \u0219i de la Ordinul Arhitec\u021bilor. Iar pentru c\u0103 a fost un an cu ve\u0219ti bune, mul\u021bi ne-a\u021bi sus\u021binut p\u00e2n\u0103 la final \u0219i dona\u021biile din timpul campaniei au reu\u0219it s\u0103 ne aduc\u0103 nesperat de aproape de final.<\/span><span style=\"font-weight: 400;\"><br \/>\n<\/span><\/p>\n<p><span style=\"font-weight: 400;\">Ce am reu\u0219it s\u0103 facem \u00een 2021 \u0219i ce urmeaz\u0103 \u00een 2022:<\/span><\/p>\n<p><strong>\u25b6 LAPIDARIUM-ul Muzeului Mineritului din Ro\u0219ia Montan\u0103<\/strong><b><br \/>\n<\/b><\/p>\n<p><span style=\"font-weight: 400;\">Cu un efort de mare amploare a celor implica\u021bi (voluntati, me\u0219teri, coordonatori, localnici), am reu\u0219it \u00eentr-un termen record (3 luni) s\u0103 finaliz\u0103m cea mai mare parte a lucr\u0103rilor, iar pentru cele c\u00e2teva lucr\u0103ri nefinalizate am achizi\u021bionat materialele necesare (sistemul de acoperi\u0219 verde, geogrila de consolidare a taluzului). Scumpirile accelarate la majoritatea materialelor de construc\u021bii \u0219i servicii, precum \u0219i apari\u021bia c\u00e2torva situa\u021bii care nu puteu fi prev\u0103zute, au f\u0103cut ca timpul \u0219i bugetul necesare s\u0103 se m\u0103reasc\u0103 considerabil, \u00eens\u0103, cu toate acestea, am reu\u0219it \u00eenainte s\u0103 readucem piesele romane \u00een siguran\u021b\u0103 sub construc\u021bia de protec\u021bie, \u00eenainte de venirea iernii.\u00a0<\/span><\/p>\n<div style=\"width: 700px;\" class=\"wp-video\"><!--[if lt IE 9]><script>document.createElement('video');<\/script><![endif]-->\n<video class=\"wp-video-shortcode\" id=\"video-3517-1\" width=\"700\" height=\"587\" preload=\"metadata\" controls=\"controls\"><source type=\"video\/mp4\" src=\"https:\/\/www.adoptaocasa.ro\/wp-content\/uploads\/2022\/02\/adoptaocas.ro_.mp4?_=1\" \/><a href=\"https:\/\/www.adoptaocasa.ro\/wp-content\/uploads\/2022\/02\/adoptaocas.ro_.mp4\">https:\/\/www.adoptaocasa.ro\/wp-content\/uploads\/2022\/02\/adoptaocas.ro_.mp4<\/a><\/video><\/div>\n<p><span style=\"font-weight: 400;\">Materialele de prezentare care vor \u00eenso\u021bi expunerea au fost deja preg\u0103tite \u00een cadrul unui Ghid pentru Lapidarium, publicat de Editura ARA cu sprijinul OAR, disponibil \u00een cur\u00e2nd \u00een variant\u0103 tip\u0103rit\u0103, pentru achizi\u021bionare, la Muzeu, dar \u0219i online. <\/span><span style=\"font-weight: 400;\"><br \/>\n<\/span><span style=\"font-weight: 400;\"><br \/>\n<\/span><a href=\"https:\/\/www.adoptaocasa.ro\/wp-content\/uploads\/2022\/02\/AOC-pt-AFCN-16.png\"><img loading=\"lazy\" class=\"alignnone size-full wp-image-3546\" src=\"https:\/\/www.adoptaocasa.ro\/wp-content\/uploads\/2022\/02\/AOC-pt-AFCN-16.png\" alt=\"\" width=\"1920\" height=\"1080\" srcset=\"https:\/\/www.adoptaocasa.ro\/wp-content\/uploads\/2022\/02\/AOC-pt-AFCN-16.png 1920w, https:\/\/www.adoptaocasa.ro\/wp-content\/uploads\/2022\/02\/AOC-pt-AFCN-16-300x169.png 300w, https:\/\/www.adoptaocasa.ro\/wp-content\/uploads\/2022\/02\/AOC-pt-AFCN-16-1024x576.png 1024w, https:\/\/www.adoptaocasa.ro\/wp-content\/uploads\/2022\/02\/AOC-pt-AFCN-16-768x432.png 768w, https:\/\/www.adoptaocasa.ro\/wp-content\/uploads\/2022\/02\/AOC-pt-AFCN-16-1536x864.png 1536w, https:\/\/www.adoptaocasa.ro\/wp-content\/uploads\/2022\/02\/AOC-pt-AFCN-16-700x394.png 700w\" sizes=\"(max-width: 1920px) 100vw, 1920px\" \/><\/a><\/p>\n<p><strong>Buget, voluntari, donatori, colaboratori.\u00a0<\/strong><\/p>\n<p><span style=\"font-weight: 400;\"><a href=\"https:\/\/www.adoptaocasa.ro\/wp-content\/uploads\/2022\/02\/adoptaocas.ro_.png\"><img loading=\"lazy\" class=\" wp-image-3543 alignright\" src=\"https:\/\/www.adoptaocasa.ro\/wp-content\/uploads\/2022\/02\/adoptaocas.ro_.png\" alt=\"\" width=\"356\" height=\"298\" srcset=\"https:\/\/www.adoptaocasa.ro\/wp-content\/uploads\/2022\/02\/adoptaocas.ro_.png 940w, https:\/\/www.adoptaocasa.ro\/wp-content\/uploads\/2022\/02\/adoptaocas.ro_-300x251.png 300w, https:\/\/www.adoptaocasa.ro\/wp-content\/uploads\/2022\/02\/adoptaocas.ro_-768x644.png 768w, https:\/\/www.adoptaocasa.ro\/wp-content\/uploads\/2022\/02\/adoptaocas.ro_-700x587.png 700w\" sizes=\"(max-width: 356px) 100vw, 356px\" \/><\/a>Interven\u021bia de la Lapidarium este, poate, una dintre cele mai antrenante ac\u021biuni pe care le-am derulat \u00een Ro\u0219ia Montan\u0103. A atras peste 60 de voluntari, localnici, colaboratori care au realizat studiile de specialitate \u0219i aproape 300 de donatori care au \u00eentregit sumele ob\u021binute din finan\u021b\u0103rile AFCN \u0219i OAR.<br \/>\n\u00cen detaliu, aici: <a href=\"https:\/\/www.adoptaocasa.ro\/wp-content\/uploads\/2022\/02\/Raport_2021_Lapidarium.pdf\">Raport_2021_Lapidarium<\/a><\/span><span style=\"font-weight: 400;\"><br \/>\n<\/span><\/p>\n<p><span style=\"font-weight: 400;\">\u00cen aceast\u0103 var\u0103 ne propunem finalizarea-finisarea ultimelor detalii: acoperi\u0219ul vede, taluzul \u00eenierbat, conservarea final\u0103 a pieselor romane \u0219i realizarea sistemele de expunere \u0219i prezentare \u2013 supor\u021bi, etichete, materiale grafice.<br \/>\n<strong>\u00cen detaliu, aici: <a href=\"https:\/\/www.adoptaocasa.ro\/wp-content\/uploads\/2022\/02\/Plan_2022_Lapidarium.pdf\">Plan_2022_Lapidarium<\/a><\/strong><br \/>\n<\/span><\/p>\n<p><span style=\"font-weight: 400;\">____<\/span><\/p>\n<p><span style=\"font-weight: 400;\">Nu doar Lapidarium-ul s-a num\u0103rat printre activit\u0103\u021bile din 2021.\u00a0<\/span><\/p>\n<p><span style=\"font-weight: 400;\">\u00cen mai multe detalii \u0219i fotografii, despre toate \u0219antierele, activit\u0103\u021bile \u0219i evenimentele (inclusiv Zilele Patrimoniului) care au format \u00eempreun\u0103 Campania Adopt\u0103 o Cas\u0103 2021, am relatat pe larg <\/span><a href=\"https:\/\/e-zeppelin.ro\/rosia-montana-patrimoniu-comunitate-la-viitor\/\"><span style=\"font-weight: 400;\">pentru revista Zeppelin<\/span><\/a><span style=\"font-weight: 400;\">. <\/span><span style=\"font-weight: 400;\"><br \/>\n<\/span><span style=\"font-weight: 400;\">Rapoartele pe anul 2021 \u0219i planurile de activitate pentur fiecare cl\u0103dire inclus\u0103 \u00een program pentru 2022 vor fi actualizate p\u00e2n\u0103 cel t\u00e2rziu 15 februarie.<\/span><span style=\"font-weight: 400;\"><br \/>\n<\/span><\/p>\n<p><span style=\"font-weight: 400;\">________________________________________________<\/span><\/p>\n<h2><strong>\u25b6\u25b6 MARILE AMBI\u021aII ALE CAMPANIEI 2022<\/strong><\/h2>\n<p><strong>\u25b6 CASINA &#8211; vechiul Casinou<\/strong><\/p>\n<p><span style=\"font-weight: 400;\">Construc\u021bia pentru evenimente culturale a fost edificat\u0103 de Bartha Miklos \u00een anul 1886, reprezent\u00e2nd un tip particular de edificare, o proprietate privat\u0103 cu destina\u021bie public\u0103. Cl\u0103direa reprezint\u0103 un tip particular func\u021bional \u0219i tipologic, \u00eent\u00e2lnit de obicei \u00een ambient urban. Construc\u021bia a avut destina\u021bia de cazinou, cu dou\u0103 s\u0103li destinate jocurilor de noroc \u0219i alte spa\u021bii pentru func\u021biuni conexe \u2013 spa\u021biu pentru servicii. De asemenea, spa\u021biile erau utilizate pentru eveniment publice, concerte, spectacole de teatru sau proiec\u021bii de filme. Dup\u0103 Na\u021bionalizare, cl\u0103direa a avut destina\u021bia de c\u0103min cultural (Clubul Liber al Tineretului), cu spa\u021biu pentru spectacole \u0219i proiec\u021bii de film. Spa\u021biile orientate spre spa\u021biul public au avut destina\u021bia de magazin \u0219i bufet.<\/span><\/p>\n<p><span style=\"font-weight: 400;\"><a href=\"https:\/\/www.adoptaocasa.ro\/wp-content\/uploads\/2022\/02\/04_fatada-laterala-1-scaled.jpg\"><img loading=\"lazy\" class=\"alignnone size-full wp-image-3550\" src=\"https:\/\/www.adoptaocasa.ro\/wp-content\/uploads\/2022\/02\/04_fatada-laterala-1-scaled.jpg\" alt=\"\" width=\"2560\" height=\"1920\" srcset=\"https:\/\/www.adoptaocasa.ro\/wp-content\/uploads\/2022\/02\/04_fatada-laterala-1-scaled.jpg 2560w, https:\/\/www.adoptaocasa.ro\/wp-content\/uploads\/2022\/02\/04_fatada-laterala-1-300x225.jpg 300w, https:\/\/www.adoptaocasa.ro\/wp-content\/uploads\/2022\/02\/04_fatada-laterala-1-1024x768.jpg 1024w, https:\/\/www.adoptaocasa.ro\/wp-content\/uploads\/2022\/02\/04_fatada-laterala-1-768x576.jpg 768w, https:\/\/www.adoptaocasa.ro\/wp-content\/uploads\/2022\/02\/04_fatada-laterala-1-1536x1152.jpg 1536w, https:\/\/www.adoptaocasa.ro\/wp-content\/uploads\/2022\/02\/04_fatada-laterala-1-2048x1536.jpg 2048w, https:\/\/www.adoptaocasa.ro\/wp-content\/uploads\/2022\/02\/04_fatada-laterala-1-700x525.jpg 700w, https:\/\/www.adoptaocasa.ro\/wp-content\/uploads\/2022\/02\/04_fatada-laterala-1-100x75.jpg 100w\" sizes=\"(max-width: 2560px) 100vw, 2560px\" \/><\/a><\/span><span style=\"font-weight: 400;\">\u00cen aceast\u0103 campanie ne propunem s\u0103 realiz\u0103m lucr\u0103rile urgente, menite s\u0103 asigure stabilitatea construc\u021biei p\u00e2n\u0103 la g\u0103sirea unei finan\u021b\u0103ri mai consistente, necesar\u0103 acestui amplu imobil, format din construc\u021bie \u0219i amenajarea exterioar\u0103, utilizat\u0103 \u00een prezent ca parc al comunit\u0103\u021bii. La mijlocul anului 2020, am realizat documenta\u021biile de specialitate, iar Prim\u0103ria Ro\u0219ia Montan\u0103 a solicitat, \u00een virtutea Legii monumentelor, \u0219i a ob\u021binut pe baza acestora Avizul Direc\u021biei Jude\u021bene pentru Cultur\u0103 pentru realizarea Lucr\u0103rilor de Interven\u021bie \u00een prim\u0103 urgen\u021b\u0103. Din lips\u0103 de fonduri \u0219i \u00eent\u00e2mpin\u00e2nd unele dificult\u0103\u021bi administrative, interven\u021bia nu a putut fi demarat\u0103, devenind \u00een prezent o prioritate de prim ordin. Ce ne propunem este ca p\u00e2n\u0103 la deblocarea situa\u021biei s\u0103 ne asigur\u0103m c\u0103 vom mai avea ce salva, cu alte cuvinte s\u0103 oprim cauzele degrad\u0103rilor active \u0219i cu poten\u021bial distructiv major.<\/span><span style=\"font-weight: 400;\"><br \/>\n<\/span><strong>Informa\u021bii despre buget, list\u0103 de lucr\u0103ri necesare \u0219i alte <a href=\"https:\/\/www.adoptaocasa.ro\/case\/fostul-casinou-casina-nr-329\">detalii aici<\/a>.<\/p>\n<p><\/strong><\/p>\n<p><a href=\"https:\/\/www.adoptaocasa.ro\/wp-content\/uploads\/2022\/02\/05_interior-scaled.jpg\"><img loading=\"lazy\" class=\"alignnone size-full wp-image-3560\" src=\"https:\/\/www.adoptaocasa.ro\/wp-content\/uploads\/2022\/02\/05_interior-scaled.jpg\" alt=\"\" width=\"2560\" height=\"1920\" srcset=\"https:\/\/www.adoptaocasa.ro\/wp-content\/uploads\/2022\/02\/05_interior-scaled.jpg 2560w, https:\/\/www.adoptaocasa.ro\/wp-content\/uploads\/2022\/02\/05_interior-300x225.jpg 300w, https:\/\/www.adoptaocasa.ro\/wp-content\/uploads\/2022\/02\/05_interior-1024x768.jpg 1024w, https:\/\/www.adoptaocasa.ro\/wp-content\/uploads\/2022\/02\/05_interior-768x576.jpg 768w, https:\/\/www.adoptaocasa.ro\/wp-content\/uploads\/2022\/02\/05_interior-1536x1152.jpg 1536w, https:\/\/www.adoptaocasa.ro\/wp-content\/uploads\/2022\/02\/05_interior-2048x1536.jpg 2048w, https:\/\/www.adoptaocasa.ro\/wp-content\/uploads\/2022\/02\/05_interior-700x525.jpg 700w, https:\/\/www.adoptaocasa.ro\/wp-content\/uploads\/2022\/02\/05_interior-100x75.jpg 100w\" sizes=\"(max-width: 2560px) 100vw, 2560px\" \/><\/a><\/p>\n<p><strong>\u25b6 CAPOLNA Bisericii Romano-Catolice<\/strong><b><br \/>\n<\/b><span style=\"font-weight: 400;\">Capela din Cimitirul Romano-Catolic este o construc\u021bie de dimensiuni reduse, special\u0103 prin modul de amplasare deasupra unei cripte boltite \u0219i prin func\u021biunea sa particular\u0103, fiind utilizat\u0103 \u00een trecut ca spa\u021biu pentru desf\u0103\u0219urarea activit\u0103\u021bilor \u0219colii confesionale. Arhitectura sa de factur\u0103 neoclasic\u0103, o plaseaz\u0103 \u00een aceea\u0219i atmosfer\u0103 arhitectural\u0103 a ansamblului, marcat\u0103 puternic de construc\u021bia ampl\u0103 a Bisericii Romano Catolice din apropiere. Capela este o component\u0103 important\u0103 a nucleului confesional romano-catolic, compus \u0219i \u00een prezent din biseric\u0103 (nr. 549), casa parohial\u0103 (nr. 317), fosta \u0219coal\u0103 confesional\u0103 (nr. 320) \u0219i amplul cimitir.<\/span><span style=\"font-weight: 400;\"><br \/>\n<\/span><span style=\"font-weight: 400;\"><br \/>\n<\/span><span style=\"font-weight: 400;\">Capela se afl\u0103 \u00eentr-un stadiu mediu de conservare, cu degrad\u0103ri accentuate \u00een unele zone, care pot conduce \u00een cur\u00e2nd la agrav\u0103ri generale ale \u00eentregii construc\u021bii. Sunt vizibile fisuri \u0219i fracturi \u00een absida altarului, zona de acces \u00een subsol este pr\u0103bu\u0219it\u0103 aproape \u00een \u00eentregime, iar la interior degrad\u0103rile \u00eenvelitorii au cauzat desprinderea unor zone a plafonului navei.<\/span><\/p>\n<p><span style=\"font-weight: 400;\">Obiectivul principal al interven\u021biei vizeaz\u0103 stoparea urgent\u0103 a procesului de degradare \u0219i deschiderea sa c\u0103tre vizitare, fiind potrivit\u0103 pentru organizarea unei mici expozi\u021bii privind istoria comunit\u0103\u021bii romano-catolice de la Ro\u0219ia Montan\u0103. <\/span><span style=\"font-weight: 400;\"><br \/>\n<\/span><strong>Mai multe detalii despre lucr\u0103ri \u0219i costuri, <a href=\"https:\/\/www.adoptaocasa.ro\/case\/capela-din-cimitirul-romano-catolic-capolna\">aici<\/a>.\u00a0<\/strong><\/p>\n<p><span style=\"font-weight: 400;\">_____________________________________<\/span><\/p>\n<p><span style=\"font-weight: 400;\">A\u0219adar, vine o var\u0103 plin\u0103. Ce \u0219tim cu certitudine este c\u0103 vom fi prezen\u021bi \u0219i vom lucra cu toate motoarele turate pentru ce ne propunem s\u0103 facem. Ce nu \u0219tim \u00eenc\u0103 este pe ce fonduri ne putem baza. Este o incertitudine care a marcat, \u00een doze diferite, fiecare dintre cele 10 campanii de p\u00e2n\u0103 acum, \u00eens\u0103 anul acesta lucrurile sunt, din acest punct de vedere, mai serioase. Am \u00eenv\u0103\u021bat \u00eens\u0103, tot de la voi, s\u0103 nu l\u0103s\u0103m garda jos \u0219i s\u0103 ne baz\u0103m pe solidaritatea celor care cred \u00een ac\u021biunile noastre. O facem \u0219i de data asta, cu \u00eencredere c\u0103 va fi un an cu multe rezultate.\u00a0<\/span><\/p>\n<p><span style=\"font-weight: 400;\">_____________________________________<\/span><\/p>\n<p><b>\ud83c\udf40\ud83c\udf40\ud83c\udf40 <\/b><strong>Cei care doresc s\u0103 contribuie, o pot face \u00een astfel:\u00a0<\/strong><\/p>\n<p><span style=\"font-weight: 400;\">\u25b6 <\/span><span style=\"font-weight: 400;\">Prin transfer bancar \u00een contul programului <\/span><i><span style=\"font-weight: 400;\">Adopt\u0103 o Cas\u0103 la Ro\u0219ia Montan\u0103<\/span><\/i><span style=\"font-weight: 400;\">, specific\u00e2nd la detaliile transferului \u201d<\/span><b><i>dona\u021bie lapidarium<\/i><\/b><span style=\"font-weight: 400;\">\u201d:<\/span> <b>Asocia\u0163ia ARA &#8211; Arhitectur\u0103. Restaurare. Arheologie<\/b><span style=\"font-weight: 400;\">, IBAN: <\/span><b>RO37 RNCB 0484 1592 1710 0001, <\/b><span style=\"font-weight: 400;\">CIF18876357 | Swift: RNCBROBUXXX | RNCBROBU<\/span><\/p>\n<p><span style=\"font-weight: 400;\">\u25b6 <\/span><span style=\"font-weight: 400;\">Prin<\/span><a href=\"https:\/\/www.paypal.com\/paypalme\/adoptaocasa\"> <b>PayPal<\/b><\/a><span style=\"font-weight: 400;\">, \u00een contul programului Adopt\u0103 o Cas\u0103 \/<\/span><a href=\"https:\/\/paypal.me\/adoptaocasa?locale.x=en_US\"> <b>paypal.me\/adoptaocasa<\/b><\/a><\/p>\n<p><span style=\"font-weight: 400;\">_____________________________________<\/span><\/p>\n<p><b>La mul\u021bi ani, Ro\u0219ia Montan\u0103!<\/b><\/p>\n<p><b>La mul\u021bi ani tuturor celor care o iubesc \u0219i pun um\u0103rul la dezvoltarea ei sustenabil\u0103.<\/b><b><br \/>\n<\/b><b>La mul\u021bi ani, ro\u0219ieni de pretutindeni! <\/b><\/p>\n","protected":false},"excerpt":{"rendered":"<p>Este al doilea an de pandemie \u00een care evenimentele cu care eram obi\u0219nui\u021bi s\u0103 marc\u0103m acest moment nu s-au putut organiza. Este \u0219i prima aniversare a anticului Alburnus Maior ca sit recunoscut al Umanit\u0103\u021bii, parte a Patrimoniului Mondial. Ne afl\u0103m \u00een egal\u0103 m\u0103sur\u0103 la cap\u0103t \u0219i la \u00eenceput de drum.<\/p>\n","protected":false},"author":2,"featured_media":3542,"comment_status":"open","ping_status":"open","sticky":false,"template":"","format":"standard","meta":{"_mi_skip_tracking":false,"_monsterinsights_sitenote_active":false,"_monsterinsights_sitenote_note":"","_monsterinsights_sitenote_category":0},"categories":[4],"tags":[],"_links":{"self":[{"href":"https:\/\/www.adoptaocasa.ro\/en\/wp-json\/wp\/v2\/posts\/3517"}],"collection":[{"href":"https:\/\/www.adoptaocasa.ro\/en\/wp-json\/wp\/v2\/posts"}],"about":[{"href":"https:\/\/www.adoptaocasa.ro\/en\/wp-json\/wp\/v2\/types\/post"}],"author":[{"embeddable":true,"href":"https:\/\/www.adoptaocasa.ro\/en\/wp-json\/wp\/v2\/users\/2"}],"replies":[{"embeddable":true,"href":"https:\/\/www.adoptaocasa.ro\/en\/wp-json\/wp\/v2\/comments?post=3517"}],"version-history":[{"count":4,"href":"https:\/\/www.adoptaocasa.ro\/en\/wp-json\/wp\/v2\/posts\/3517\/revisions"}],"predecessor-version":[{"id":3570,"href":"https:\/\/www.adoptaocasa.ro\/en\/wp-json\/wp\/v2\/posts\/3517\/revisions\/3570"}],"wp:featuredmedia":[{"embeddable":true,"href":"https:\/\/www.adoptaocasa.ro\/en\/wp-json\/wp\/v2\/media\/3542"}],"wp:attachment":[{"href":"https:\/\/www.adoptaocasa.ro\/en\/wp-json\/wp\/v2\/media?parent=3517"}],"wp:term":[{"taxonomy":"category","embeddable":true,"href":"https:\/\/www.adoptaocasa.ro\/en\/wp-json\/wp\/v2\/categories?post=3517"},{"taxonomy":"post_tag","embeddable":true,"href":"https:\/\/www.adoptaocasa.ro\/en\/wp-json\/wp\/v2\/tags?post=3517"}],"curies":[{"name":"wp","href":"https:\/\/api.w.org\/{rel}","templated":true}]}}