{"id":32,"date":"2025-02-08T20:40:40","date_gmt":"2025-02-08T20:40:40","guid":{"rendered":"http:\/\/localhost:8888\/adoptaocasa\/?p=32"},"modified":"2026-02-06T16:54:01","modified_gmt":"2026-02-06T16:54:01","slug":"casa-parohiala-unitariana","status":"publish","type":"post","link":"https:\/\/www.adoptaocasa.ro\/en\/case\/casa-parohiala-unitariana","title":{"rendered":"Unitarian Parish House (18th cent., 1933), Ro\u015fia Montan\u0103 no. 391"},"content":{"rendered":"<p><\/p>\n<ol>\n<li><strong><span style=\"font-size: medium;\"><span lang=\"en-GB\"><u>2019 Campaign<\/u><\/span><\/span><\/strong><\/li>\n<li><strong><span style=\"font-size: medium;\"><span lang=\"en-GB\"><u>Description of the building<\/u><\/span><\/span><\/strong><\/li>\n<li><strong><span style=\"font-size: medium;\"><span lang=\"en-GB\"><u>Description of works<\/u><\/span><\/span><\/strong>\n<ul>\n<li><span style=\"font-size: medium;\"><span lang=\"en-GB\"><u>Conservation status at the commencement of intervention works<\/u><\/span><\/span><\/li>\n<li><span style=\"font-size: medium;\"><span lang=\"en-GB\"><u>Works performed prior to the building&#8217;s inclusion in Adopt a House Programme<\/u><\/span><\/span><\/li>\n<li><span style=\"font-size: medium;\"><span lang=\"en-GB\"><u>Purpose and scope of the works proposed under Adopt a House programme<\/u><\/span><\/span><\/li>\n<li><span style=\"font-size: medium;\"><span lang=\"en-GB\"><u>Categories of necessary works identified at the time of inclusion in Adopt a House Programme<\/u><\/span><\/span><\/li>\n<\/ul>\n<\/li>\n<li><strong><span style=\"font-size: medium;\"><span lang=\"en-GB\"><u>Previous campaigns<\/u><\/span><\/span><\/strong><\/li>\n<li><strong><span style=\"font-size: medium;\"><span lang=\"en-GB\"><u>Photo gallery &#8211; conservation status at the time of inclusion in the programme <\/u><\/span><\/span><\/strong><\/li>\n<\/ol>\n<p><strong><span style=\"font-size: medium;\"><span lang=\"en-GB\">1. 2019 Campaign<br \/>\n<\/span><\/span><\/strong><span style=\"font-size: medium;\"><span lang=\"en-GB\">In the 2019 campaign we aim to make the attic operational as accommodation area for volunteers in the programme (completing the board enclosure on the roof framing intrados, completing the flooring, the toilet, mounting the furniture.) To the extent that we receive donations or sponsorships, the heating system will also be installed (central heating unit, radiators; the pipes, distributors etc., are already laid).<\/span><\/span><\/p>\n<p><span style=\"font-size: medium;\"><span lang=\"en-GB\">Details about costs can be found here \u2013\u00a0<\/span><\/span><a href=\"https:\/\/www.adoptaocasa.ro\/wp-content\/uploads\/2017\/06\/391_plan_2019_EN.pdf\" target=\"_blank\" rel=\"noopener\"><strong><span style=\"font-size: medium;\"><span lang=\"en-GB\"><u>Activity Plan for 2019<\/u><\/span><\/span><span lang=\"en-GB\">.<\/span><\/strong><\/a><\/p>\n<form><a href=\"https:\/\/www.adoptaocasa.ro\/en\/doneaza\/doneaza-bani\"><input style=\"width: 200px; padding: 20px; cursor: pointer; box-shadow: 6px 6px 5px; #999; -webkit-box-shadow: 6px 6px 5px #999; -moz-box-shadow: 6px 6px 5px #999; font-weight: bold; background: #088A85; color: #ffffff; border-radius: 10px; border: 1px solid #999; font-size: 150%;\" type=\"button\" value=\"Donate!\" \/><\/a><\/form>\n<p>&nbsp;<\/p>\n<p><strong><span style=\"font-size: medium;\"><span lang=\"en-GB\">2. Description of the building<\/span><\/span><\/strong><\/p>\n<p><span style=\"font-size: medium;\"><span lang=\"en-GB\">The house, which was rebuilt in 1933, replaces an older building, probably raised before the end of the 18<\/span><\/span><sup><span style=\"font-size: medium;\"><span lang=\"en-GB\">th<\/span><\/span><\/sup><span style=\"font-size: medium;\"><span lang=\"en-GB\"> c. and documented at mid 19<\/span><\/span><sup><span style=\"font-size: medium;\"><span lang=\"en-GB\">th<\/span><\/span><\/sup><span style=\"font-size: medium;\"><span lang=\"en-GB\"> c., when the first map of the village was drawn; it incorporates part of the lower level of that old house, the back side cellar, with thicker walls and vaulting ceiling.<\/span><\/span><\/p>\n<p><span style=\"font-size: medium;\"><span lang=\"en-GB\">The house is representative for a typology well represented on site, dating from the end of the 19<\/span><\/span><sup><span style=\"font-size: medium;\"><span lang=\"en-GB\">th<\/span><\/span><\/sup><span style=\"font-size: medium;\"><span lang=\"en-GB\"> century &#8211; beginning of the 20<\/span><\/span><sup><span style=\"font-size: medium;\"><span lang=\"en-GB\">th<\/span><\/span><\/sup><span style=\"font-size: medium;\"><span lang=\"en-GB\"> century, until its 4<\/span><\/span><sup><span style=\"font-size: medium;\"><span lang=\"en-GB\">th<\/span><\/span><\/sup><span style=\"font-size: medium;\"><span lang=\"en-GB\"> decade. The building&#8217;s stylistic expression, given by its general structure and by the details on the facades facing the public areas, consists of a combination of simplicity and (moderate) rigour of the composition; this is visible both at the facade, where the rectangular voids have the same arrangement in a simple row at both inhabited floors and are supported by a minimal architectural decoration (plane window frameworks and profiled window sills), and at the simple ridged roof, with a tympanum towards the street, curbed by fretted wood elements. As opposed to the \u201curban\u201d facade, the house has a vernacular structure in the inner yard, with the ever present porch that provides access to the rooms displayed in a row.<\/span><\/span><\/p>\n<p><span style=\"font-size: medium;\"><span lang=\"en-GB\">The Unitarian parish house is part of a dense street frontage, continuous in some areas, which extends the urban character of the nearby Central Square up the street, to the lakes (reservoirs) area. The parish house, together with the cantor&#8217;s house (no. 390) and the bell ringer&#8217;s house (no. 553), all of them grouped around the church (no. 530) and the cemetery, belongs to a clearly defined congregation nucleus within the urban tissue of the town centre.<\/span><\/span><\/p>\n<p><span style=\"font-size: medium;\"><span lang=\"en-GB\">The house is registered on the List of Historical Monuments in Alba County, code AB-II-m-B-00297.<\/span><\/span><\/p>\n<p><strong><span style=\"font-size: medium;\"><span lang=\"en-GB\">3. Description of the works<\/span><\/span><\/strong><\/p>\n<ul>\n<li><strong><span lang=\"en-GB\">Conservation status at the commencement of intervention works<\/span><\/strong><\/li>\n<\/ul>\n<p><span lang=\"en-GB\">Since the beginning of the 1990s the house has only been inhabited sporadically, and the only maintenance and repair works have been performed in the street facade area and in the first basement room, which was used as a shop, workshop and finally gym centre, before it was also abandoned.<\/span><span style=\"font-size: medium;\"><span lang=\"en-GB\"> The repair works with cement mortar were harmful for the building and raised humidity levels in the walls, but the most severe harm was generated by the damaged roof and the long term exposure of building elements to humidity. Thus the facade brickwork fractured and fell completely in the area of the uphill corner, posing a threat of collapse, while the walls and wooden floors have many areas with severe damages. Some of these issues have already been dealt with and solved in previous campaigns.<\/span><\/span><span style=\"font-size: medium;\"><span lang=\"en-GB\"><br \/>\n<\/span><\/span><span style=\"font-size: medium;\"><span lang=\"en-GB\">The parish house still has its historical carpentry: doors, windows, shop window shutter. These elements require current repair works and locally, in the case of a few sashes, they even require more serious works to repair and replace some damaged parts.<\/span><\/span><\/p>\n<ul>\n<li><strong><span lang=\"en-GB\">Purpose and scope of proposed works <\/span><\/strong><\/li>\n<\/ul>\n<p><span lang=\"en-GB\">This building raises the most serious issues related to consolidation, restoration and refurbishment among the houses included in &#8220;Adopt a House&#8221; programme, while also providing favourable conditions for public use.<\/span><span style=\"font-size: medium;\"><span lang=\"en-GB\"> The works envisaged aim to restore the house and make it functional again, and to install here a <\/span><\/span><span style=\"font-size: medium;\"><span lang=\"en-GB\"><i>Heritage Interpretation Centre<\/i><\/span><\/span><span style=\"font-size: medium;\"><span lang=\"en-GB\"> as a permanent basis for future research, restoration and valorisation of the heritage at Ro\u015fia Montan\u0103. In this case the social function of cultural heritage would thus be activated, more than in other cases, through the role that will be assigned to this house within the local community, as well as within other groups or communities; such groups could include specialists in heritage or other connected areas, students and learning professionals &#8211; in the field of heritage &#8211; or the group of local craftsmen, producers and suppliers of materials and services in the field of traditional building.<\/span><\/span><\/p>\n<ul>\n<li><strong><span lang=\"en-GB\">Previous works<\/span><\/strong><\/li>\n<\/ul>\n<p><span lang=\"en-GB\">The restoration works on the Unitarian parish house started in 2007 with some limited emergency interventions, followed by broader works starting 2009.<\/span><span style=\"font-size: medium;\"><span lang=\"en-GB\"> The roof was restored, by performing a general repair of the roof framing, replacing the rotten elements and rebuilding the roofing; the stone walls at the basement were consolidated and the displaced corner was rebuilt; the floor beams above the basement, which had been partly destroyed by a fire, were replaced; and the exterior surfaces were restored, with the upper (main) floor window sills being restored based on existing documents. The secondary building wing located in the yard, as an extension of the house, has been dismantled and rebuilt again on a new foundation and the damaged beam fragments were replaced.<\/span><\/span><span style=\"font-size: medium;\"><span lang=\"en-GB\"><br \/>\n<\/span><\/span><span style=\"font-size: medium;\"><span lang=\"en-GB\">The previous works were funded by ARA Association and by private donations and grants obtained by competition, offered by the Order of Architects in Romania, through the Architecture Stamp Duty (2009-2011).<\/span><\/span><\/p>\n<ul>\n<li><strong><span style=\"font-size: medium;\"><span lang=\"en-GB\">Categories of necessary works identified at the time of inclusion in Adopt a House Programme<\/span><\/span><\/strong><\/li>\n<\/ul>\n<table width=\"776\" cellspacing=\"0\" cellpadding=\"4\">\n<colgroup>\n<col width=\"34\" \/>\n<col width=\"486\" \/>\n<col width=\"230\" \/> <\/colgroup>\n<tbody>\n<tr>\n<td width=\"34\" height=\"14\"><span style=\"font-size: small;\"><span lang=\"en-GB\"><b>I.<\/b><\/span><\/span><\/td>\n<td colspan=\"2\" width=\"725\"><strong><span style=\"font-size: small;\"><span lang=\"en-GB\">Finalizing the rebuilding works of the annex wing<\/span><\/span><\/strong><\/td>\n<\/tr>\n<tr>\n<td style=\"background: #ffffff;\" bgcolor=\"#ffffff\" width=\"34\" height=\"13\"><span style=\"font-size: small;\"><span lang=\"en-GB\">1.<\/span><\/span><\/td>\n<td style=\"background: #ffffff;\" bgcolor=\"#ffffff\" width=\"486\"><span style=\"font-size: small;\"><span lang=\"en-GB\">&#8211; digging the foundation pits for the annex appended to the main house<\/span><\/span><\/td>\n<td style=\"background: #ffffff;\" bgcolor=\"#ffffff\" width=\"230\"><\/td>\n<\/tr>\n<tr>\n<td style=\"background: #ffffff;\" bgcolor=\"#ffffff\" width=\"34\" height=\"13\"><span style=\"font-size: small;\"><span lang=\"en-GB\">2.<\/span><\/span><\/td>\n<td style=\"background: #ffffff;\" bgcolor=\"#ffffff\" width=\"486\"><span style=\"font-size: small;\"><span lang=\"en-GB\">&#8211; stone brickwork bound with mortar <\/span><\/span><\/td>\n<td style=\"background: #ffffff;\" bgcolor=\"#ffffff\" width=\"230\"><\/td>\n<\/tr>\n<tr>\n<td style=\"background: #ffffff;\" bgcolor=\"#ffffff\" width=\"34\" height=\"13\"><span style=\"font-size: small;\"><span lang=\"en-GB\">3.<\/span><\/span><\/td>\n<td style=\"background: #ffffff;\" bgcolor=\"#ffffff\" width=\"486\"><span style=\"font-size: small;\"><span lang=\"en-GB\">&#8211; mounting the wooden structure and the board enclosure<\/span><\/span><\/td>\n<td style=\"background: #ffffff;\" bgcolor=\"#ffffff\" width=\"230\"><\/td>\n<\/tr>\n<tr>\n<td style=\"background: #ffffff;\" bgcolor=\"#ffffff\" width=\"34\" height=\"13\"><span style=\"font-size: small;\"><span lang=\"en-GB\">4.<\/span><\/span><\/td>\n<td style=\"background: #ffffff;\" bgcolor=\"#ffffff\" width=\"486\"><span style=\"font-size: small;\"><span lang=\"en-GB\">&#8211; mounting the beams and the rafters<\/span><\/span><\/td>\n<td style=\"background: #ffffff;\" bgcolor=\"#ffffff\" width=\"230\"><span style=\"font-size: small;\"><span lang=\"en-GB\">partly completed (50%)<\/span><\/span><\/td>\n<\/tr>\n<tr>\n<td style=\"background: #ffffff;\" bgcolor=\"#ffffff\" width=\"34\" height=\"13\"><span style=\"font-size: small;\"><span lang=\"en-GB\">5.<\/span><\/span><\/td>\n<td style=\"background: #ffffff;\" bgcolor=\"#ffffff\" width=\"486\"><span style=\"font-size: small;\"><span lang=\"en-GB\">&#8211; mounting the roof boarding, the protection foil, the shingle roofing<\/span><\/span><\/td>\n<td style=\"background: #ffffff;\" bgcolor=\"#ffffff\" width=\"230\"><\/td>\n<\/tr>\n<tr>\n<td style=\"background: #ffffff;\" bgcolor=\"#ffffff\" width=\"34\" height=\"32\"><span style=\"font-size: small;\"><span lang=\"en-GB\">6.<\/span><\/span><\/td>\n<td style=\"background: #ffffff;\" bgcolor=\"#ffffff\" width=\"486\"><span style=\"font-size: small;\"><span lang=\"en-GB\">&#8211; manufacturing new carpentry (1 door and 4 sashes), based on the model of the ones preserved<\/span><\/span><\/td>\n<td style=\"background: #ffffff;\" bgcolor=\"#ffffff\" width=\"230\"><\/td>\n<\/tr>\n<tr>\n<td style=\"background: #ffffff;\" bgcolor=\"#ffffff\" width=\"34\" height=\"13\"><span style=\"font-size: small;\"><span lang=\"en-GB\">7.<\/span><\/span><\/td>\n<td style=\"background: #ffffff;\" bgcolor=\"#ffffff\" width=\"486\"><span style=\"font-size: small;\"><span lang=\"en-GB\">&#8211; repairing and remounting the carpentry elements<\/span><\/span><\/td>\n<td style=\"background: #ffffff;\" bgcolor=\"#ffffff\" width=\"230\"><\/td>\n<\/tr>\n<tr>\n<td style=\"background: #ffffff;\" bgcolor=\"#ffffff\" width=\"34\" height=\"53\"><span style=\"font-size: small;\"><span lang=\"en-GB\">8.<\/span><\/span><\/td>\n<td style=\"background: #ffffff;\" bgcolor=\"#ffffff\" width=\"486\"><span style=\"font-size: small;\"><span lang=\"en-GB\">&#8211; interior and exterior lime-sand plaster, applied in three layers, well compacted and smoothed; &#8220;reinforced&#8221; with hazelnut rods (<\/span><\/span><span style=\"font-size: small;\"><span lang=\"en-GB\"><i>&#8220;cercuial\u0103<\/i><\/span><\/span><span style=\"font-size: small;\"><span lang=\"en-GB\">&#8220;, rod mesh)<\/span><\/span><\/td>\n<td style=\"background: #ffffff;\" bgcolor=\"#ffffff\" width=\"230\"><span style=\"font-size: small;\"><span lang=\"en-GB\">partly completed (10%)<\/span><\/span><\/td>\n<\/tr>\n<tr>\n<td style=\"background: #ffffff;\" bgcolor=\"#ffffff\" width=\"34\" height=\"15\"><span style=\"font-size: small;\"><span lang=\"en-GB\"><b>II.<\/b><\/span><\/span><\/td>\n<td style=\"background: #ffffff;\" colspan=\"2\" bgcolor=\"#ffffff\" width=\"725\"><strong><span style=\"font-size: small;\"><span lang=\"en-GB\">Completion of installations (electrical, sanitary, thermal installations)<\/span><\/span><\/strong><\/td>\n<\/tr>\n<tr>\n<td style=\"background: #ffffff;\" bgcolor=\"#ffffff\" width=\"34\" height=\"13\"><span style=\"font-size: small;\"><span lang=\"en-GB\">1.<\/span><\/span><\/td>\n<td style=\"background: #ffffff;\" bgcolor=\"#ffffff\" width=\"486\"><span style=\"font-size: small;\"><span lang=\"en-GB\">&#8211; sanitary installations in the attic<\/span><\/span><\/td>\n<td style=\"background: #ffffff;\" bgcolor=\"#ffffff\" width=\"230\"><span style=\"font-size: small;\"><span lang=\"en-GB\">installed at the basement and main floor<\/span><\/span><\/td>\n<\/tr>\n<tr>\n<td style=\"background: #ffffff;\" bgcolor=\"#ffffff\" width=\"34\" height=\"32\"><span style=\"font-size: small;\"><span lang=\"en-GB\">2.<\/span><\/span><\/td>\n<td style=\"background: #ffffff;\" bgcolor=\"#ffffff\" width=\"486\"><span style=\"font-size: small;\"><span lang=\"en-GB\">&#8211; mounting the sanitary ware &#8211; 2 WCs, 2 wash basins, fittings &#8211; showers, faucets<\/span><\/span><\/td>\n<td style=\"background: #ffffff;\" bgcolor=\"#ffffff\" width=\"230\"><span style=\"font-size: small;\"><span lang=\"en-GB\">purchased for the basement<\/span><\/span><\/td>\n<\/tr>\n<tr>\n<td style=\"background: #ffffff;\" bgcolor=\"#ffffff\" width=\"34\" height=\"32\"><span style=\"font-size: small;\"><span lang=\"en-GB\">3.<\/span><\/span><\/td>\n<td style=\"background: #ffffff;\" bgcolor=\"#ffffff\" width=\"486\"><span style=\"font-size: small;\"><span lang=\"en-GB\">&#8211; installing the electricity network in two rooms in the main building and in the annex wing<\/span><\/span><\/td>\n<td style=\"background: #ffffff;\" bgcolor=\"#ffffff\" width=\"230\"><span style=\"font-size: small;\"><span lang=\"en-GB\">partly completed (basement)<\/span><\/span><\/td>\n<\/tr>\n<tr>\n<td style=\"background: #ffffff;\" bgcolor=\"#ffffff\" width=\"34\" height=\"13\"><span style=\"font-size: small;\"><span lang=\"en-GB\">4.<\/span><\/span><\/td>\n<td style=\"background: #ffffff;\" bgcolor=\"#ffffff\" width=\"486\"><span style=\"font-size: small;\"><span lang=\"en-GB\">&#8211; thermal system at the basement and attic<\/span><\/span><\/td>\n<td style=\"background: #ffffff;\" bgcolor=\"#ffffff\" width=\"230\"><span style=\"font-size: small;\"><span lang=\"en-GB\">partly completed (basement)<\/span><\/span><\/td>\n<\/tr>\n<tr>\n<td style=\"background: #ffffff;\" bgcolor=\"#ffffff\" width=\"34\" height=\"15\"><span style=\"font-size: small;\"><span lang=\"en-GB\"><b>III.<\/b><\/span><\/span><\/td>\n<td style=\"background: #ffffff;\" colspan=\"2\" bgcolor=\"#ffffff\" width=\"725\"><strong><span style=\"font-size: small;\"><span lang=\"en-GB\">Local restoration of degraded floor and of interior finishes at the basement<\/span><\/span><\/strong><\/td>\n<\/tr>\n<tr>\n<td style=\"background: #ffffff;\" bgcolor=\"#ffffff\" width=\"34\" height=\"13\"><span style=\"font-size: small;\"><span lang=\"en-GB\">1.<\/span><\/span><\/td>\n<td style=\"background: #ffffff;\" bgcolor=\"#ffffff\" width=\"486\"><span style=\"font-size: small;\"><span lang=\"en-GB\">&#8211; replacing degraded beams<\/span><\/span><\/td>\n<td style=\"background: #ffffff;\" bgcolor=\"#ffffff\" width=\"230\"><\/td>\n<\/tr>\n<tr>\n<td style=\"background: #ffffff;\" bgcolor=\"#ffffff\" width=\"34\" height=\"13\"><span style=\"font-size: small;\"><span lang=\"en-GB\">2.<\/span><\/span><\/td>\n<td style=\"background: #ffffff;\" bgcolor=\"#ffffff\" width=\"486\"><span style=\"font-size: small;\"><span lang=\"en-GB\">&#8211; cleaning degraded areas<\/span><\/span><\/td>\n<td style=\"background: #ffffff;\" bgcolor=\"#ffffff\" width=\"230\"><\/td>\n<\/tr>\n<tr>\n<td style=\"background: #ffffff;\" bgcolor=\"#ffffff\" width=\"34\" height=\"32\"><span style=\"font-size: small;\"><span lang=\"en-GB\">3.<\/span><\/span><\/td>\n<td style=\"background: #ffffff;\" bgcolor=\"#ffffff\" width=\"486\"><span style=\"font-size: small;\"><span lang=\"en-GB\">&#8211; repairing the floors, local dismantling to insert installations<\/span><\/span><\/td>\n<td style=\"background: #ffffff;\" bgcolor=\"#ffffff\" width=\"230\"><\/td>\n<\/tr>\n<tr>\n<td style=\"background: #ffffff;\" bgcolor=\"#ffffff\" width=\"34\" height=\"32\"><span style=\"font-size: small;\"><span lang=\"en-GB\">4.<\/span><\/span><\/td>\n<td style=\"background: #ffffff;\" bgcolor=\"#ffffff\" width=\"486\"><span style=\"font-size: small;\"><span lang=\"en-GB\">&#8211; lime-sand plaster applied in three layers, on a &#8220;reinforcement&#8221; made of hazelnut rods (<\/span><\/span><span style=\"font-size: small;\"><span lang=\"en-GB\"><i>&#8220;cercuial\u0103<\/i><\/span><\/span><span style=\"font-size: small;\"><span lang=\"en-GB\">&#8220;, rod mesh)<\/span><\/span><\/td>\n<td style=\"background: #ffffff;\" bgcolor=\"#ffffff\" width=\"230\"><\/td>\n<\/tr>\n<tr>\n<td style=\"background: #ffffff;\" bgcolor=\"#ffffff\" width=\"34\"><\/td>\n<td style=\"background: #ffffff;\" colspan=\"2\" bgcolor=\"#ffffff\" width=\"725\"><\/td>\n<\/tr>\n<tr>\n<td style=\"background: #ffffff;\" bgcolor=\"#ffffff\" width=\"34\" height=\"15\"><span style=\"font-size: small;\"><span lang=\"en-GB\"><b>IV.<\/b><\/span><\/span><\/td>\n<td style=\"background: #ffffff;\" bgcolor=\"#ffffff\" width=\"486\"><strong><span style=\"font-size: small;\"><span lang=\"en-GB\">Access stairway to the attic<\/span><\/span><\/strong><\/td>\n<td style=\"background: #ffffff;\" bgcolor=\"#ffffff\" width=\"230\"><\/td>\n<\/tr>\n<tr>\n<td style=\"background: #ffffff;\" bgcolor=\"#ffffff\" width=\"34\" height=\"15\"><strong><span style=\"font-size: small;\"><span lang=\"en-GB\">V.<\/span><\/span><\/strong><\/td>\n<td style=\"background: #ffffff;\" bgcolor=\"#ffffff\" width=\"486\"><strong><span style=\"font-size: small;\"><span lang=\"en-GB\">Finishing the attic<\/span><\/span><\/strong><\/td>\n<td style=\"background: #ffffff;\" bgcolor=\"#ffffff\" width=\"230\"><\/td>\n<\/tr>\n<tr>\n<td style=\"background: #ffffff;\" bgcolor=\"#ffffff\" width=\"34\" height=\"13\"><span style=\"font-size: small;\"><span lang=\"en-GB\">1.<\/span><\/span><\/td>\n<td style=\"background: #ffffff;\" bgcolor=\"#ffffff\" width=\"486\"><span style=\"font-size: small;\"><span lang=\"en-GB\">&#8211; thermal insulation with mineral wool<\/span><\/span><\/td>\n<td style=\"background: #ffffff;\" bgcolor=\"#ffffff\" width=\"230\"><\/td>\n<\/tr>\n<tr>\n<td style=\"background: #ffffff;\" bgcolor=\"#ffffff\" width=\"34\" height=\"13\"><span style=\"font-size: small;\"><span lang=\"en-GB\">2.<\/span><\/span><\/td>\n<td style=\"background: #ffffff;\" bgcolor=\"#ffffff\" width=\"486\"><span style=\"font-size: small;\"><span lang=\"en-GB\">&#8211; board enclosure on the roof framing intrados<\/span><\/span><\/td>\n<td style=\"background: #ffffff;\" bgcolor=\"#ffffff\" width=\"230\"><\/td>\n<\/tr>\n<tr>\n<td style=\"background: #ffffff;\" bgcolor=\"#ffffff\" width=\"34\" height=\"13\"><span style=\"font-size: small;\"><span lang=\"en-GB\">3.<\/span><\/span><\/td>\n<td style=\"background: #ffffff;\" bgcolor=\"#ffffff\" width=\"486\"><span style=\"font-size: small;\"><span lang=\"en-GB\">&#8211; building the floors<\/span><\/span><\/td>\n<td style=\"background: #ffffff;\" bgcolor=\"#ffffff\" width=\"230\"><\/td>\n<\/tr>\n<tr>\n<td style=\"background: #ffffff;\" bgcolor=\"#ffffff\" width=\"34\" height=\"15\"><span style=\"font-size: small;\"><span lang=\"en-GB\"><b>VI.<\/b><\/span><\/span><\/td>\n<td style=\"background: #ffffff;\" bgcolor=\"#ffffff\" width=\"486\"><strong><span style=\"font-size: small;\"><span lang=\"en-GB\">Exterior furnishings<\/span><\/span><\/strong><\/td>\n<td style=\"background: #ffffff;\" bgcolor=\"#ffffff\" width=\"230\"><\/td>\n<\/tr>\n<tr>\n<td style=\"background: #ffffff;\" bgcolor=\"#ffffff\" width=\"34\" height=\"13\"><span style=\"font-size: small;\"><span lang=\"en-GB\">1.<\/span><\/span><\/td>\n<td style=\"background: #ffffff;\" bgcolor=\"#ffffff\" width=\"486\"><span style=\"font-size: small;\"><span lang=\"en-GB\">&#8211; repairing the dry stone walls (\u201emaur\u201d) on the slope towards the Unitarian church<\/span><\/span><\/td>\n<td style=\"background: #ffffff;\" bgcolor=\"#ffffff\" width=\"230\"><\/td>\n<\/tr>\n<tr>\n<td style=\"background: #ffffff;\" bgcolor=\"#ffffff\" width=\"34\" height=\"13\"><span style=\"font-size: small;\"><span lang=\"en-GB\">2.<\/span><\/span><\/td>\n<td style=\"background: #ffffff;\" bgcolor=\"#ffffff\" width=\"486\"><span style=\"font-size: small;\"><span lang=\"en-GB\">&#8211; alleys, terraces finished with flagstones<\/span><\/span><\/td>\n<td style=\"background: #ffffff;\" bgcolor=\"#ffffff\" width=\"230\"><\/td>\n<\/tr>\n<tr>\n<td style=\"background: #ffffff;\" bgcolor=\"#ffffff\" width=\"34\" height=\"32\"><span style=\"font-size: small;\"><span lang=\"en-GB\">3.<\/span><\/span><\/td>\n<td style=\"background: #ffffff;\" bgcolor=\"#ffffff\" width=\"486\"><span style=\"font-size: small;\"><span lang=\"en-GB\">&#8211; building a traditional wooden covered gate<\/span><\/span><\/td>\n<td style=\"background: #ffffff;\" bgcolor=\"#ffffff\" width=\"230\"><\/td>\n<\/tr>\n<tr>\n<td style=\"background: #ffffff;\" bgcolor=\"#ffffff\" width=\"34\" height=\"15\"><span style=\"font-size: small;\"><span lang=\"en-GB\"><b>VII.<\/b><\/span><\/span><\/td>\n<td style=\"background: #ffffff;\" bgcolor=\"#ffffff\" width=\"486\"><strong><span style=\"font-size: small;\"><span lang=\"en-GB\">Furniture<\/span><\/span><\/strong><\/td>\n<td style=\"background: #ffffff;\" bgcolor=\"#ffffff\" width=\"230\"><\/td>\n<\/tr>\n<tr>\n<td style=\"background: #ffffff;\" bgcolor=\"#ffffff\" width=\"34\" height=\"13\"><span style=\"font-size: small;\"><span lang=\"en-GB\">1.<\/span><\/span><\/td>\n<td style=\"background: #ffffff;\" bgcolor=\"#ffffff\" width=\"486\"><span style=\"font-size: small;\"><span lang=\"en-GB\">beds, nightstands<\/span><\/span><\/td>\n<td style=\"background: #ffffff;\" bgcolor=\"#ffffff\" width=\"230\"><\/td>\n<\/tr>\n<tr>\n<td style=\"background: #ffffff;\" bgcolor=\"#ffffff\" width=\"34\" height=\"13\"><span style=\"font-size: small;\"><span lang=\"en-GB\">2.<\/span><\/span><\/td>\n<td style=\"background: #ffffff;\" bgcolor=\"#ffffff\" width=\"486\"><span style=\"font-size: small;\"><span lang=\"en-GB\">tables<\/span><\/span><\/td>\n<td style=\"background: #ffffff;\" bgcolor=\"#ffffff\" width=\"230\"><\/td>\n<\/tr>\n<tr>\n<td style=\"background: #ffffff;\" bgcolor=\"#ffffff\" width=\"34\" height=\"13\"><span style=\"font-size: small;\"><span lang=\"en-GB\">3.<\/span><\/span><\/td>\n<td style=\"background: #ffffff;\" bgcolor=\"#ffffff\" width=\"486\"><span style=\"font-size: small;\"><span lang=\"en-GB\">kitchen furniture<\/span><\/span><\/td>\n<td style=\"background: #ffffff;\" bgcolor=\"#ffffff\" width=\"230\"><\/td>\n<\/tr>\n<tr>\n<td style=\"background: #ffffff;\" bgcolor=\"#ffffff\" width=\"34\" height=\"13\"><span style=\"font-size: small;\"><span lang=\"en-GB\">4.<\/span><\/span><\/td>\n<td style=\"background: #ffffff;\" bgcolor=\"#ffffff\" width=\"486\"><span style=\"font-size: small;\"><span lang=\"en-GB\">storage furniture &#8211; wardrobes<\/span><\/span><\/td>\n<td style=\"background: #ffffff;\" bgcolor=\"#ffffff\" width=\"230\"><\/td>\n<\/tr>\n<tr>\n<td style=\"background: #ffffff;\" bgcolor=\"#ffffff\" width=\"34\" height=\"12\"><span style=\"font-size: small;\"><span lang=\"en-GB\">5.<\/span><\/span><\/td>\n<td style=\"background: #ffffff;\" bgcolor=\"#ffffff\" width=\"486\"><span style=\"font-size: small;\"><span lang=\"en-GB\">cooker, refrigerator etc.<\/span><\/span><\/td>\n<td style=\"background: #ffffff;\" bgcolor=\"#ffffff\" width=\"230\"><\/td>\n<\/tr>\n<\/tbody>\n<\/table>\n<p><strong><span style=\"font-size: medium;\"><span lang=\"en-GB\">4. Previous campaigns<\/span><\/span><\/strong><\/p>\n<p><strong>\u25b7 <span style=\"font-size: medium;\"><span lang=\"en-GB\">2018 Campaign<\/span><\/span><\/strong><\/p>\n<p><span style=\"font-size: medium;\"><span lang=\"en-GB\">The 2018 Campaign included planning for the necessary works to make the attic functional as accommodation area for volunteers in the programme &#8211; thermal insulation, board enclosure on the roof framing intrados, flooring, installing a toilet in the attic, furniture. In addition, similarly to previous campaigns, it was envisaged to introduce the heating system (central heating unit, heaters). Given the lack of sufficient funds, the works and purchase of expensive materials have been postponed (central heating unit, furniture, heaters). We managed however to purchase the necessary materials for finishing the attic (boards, thermal insulation, windows and doors, as well as to progress significantly with these activities: the attic is completely insulated, the wooden wainscoting is 75% mounted, the flooring is mounted 30% and the electrical network is completed. Although funds have not been collected yet for the necessary furniture, 10 mattresses have been purchased. Details here \u2013 <\/span><\/span><a href=\"https:\/\/www.adoptaocasa.ro\/rapoarte\/391-raport-2018\"><span style=\"color: #4f6228;\"><span style=\"font-size: medium;\"><span lang=\"en-GB\"><u>Activity Report for 2018<\/u><\/span><\/span><\/span><\/a><span style=\"color: #4f6228;\"><span style=\"font-size: medium;\"><span lang=\"en-GB\">.<\/span><\/span><\/span><\/p>\n<p>\u25b7 <strong><span style=\"font-size: medium;\"><span lang=\"en-GB\">2017 Campaign<\/span><\/span><\/strong><\/p>\n<p><span style=\"font-size: medium;\"><span lang=\"en-GB\">In the 2017 campaign we finalized most of the works planned. The main floor hosting the Heritage Interpretation Centre in Ro\u0219ia Montan\u0103 was completed. The annex, turned into kitchen and dining room for the programme volunteers, became fully operational and finished (brick floor, whitewashing, thermal insulation and finishing the roof framing intrados). The Memory of Objects and Map Room exhibitions were arranged in two rooms at the main floor, which required serious repair works (replacement of severely degraded beams in the walls and <\/span><\/span><span style=\"font-size: medium;\"><span lang=\"en-GB\">ceiling<\/span><\/span><span style=\"font-size: medium;\"><span lang=\"en-GB\">, wooden rod mesh, plastering, repairing the floor). In addition the exhibition &#8220;Ro\u0219ia Montan\u0103 Is&#8230;&#8221; was arranged in the basement area, with direct access from the street. The access stairway to the new attic was built as part of the attic refurbishment works. Details here \u2013 <\/span><\/span><a href=\"https:\/\/www.adoptaocasa.ro\/rapoarte\/391-raport-2017\"><span style=\"color: #4f6228;\"><span style=\"font-size: medium;\"><span lang=\"en-GB\"><u>Activity Report for 2017<\/u><\/span><\/span><\/span><\/a><span style=\"color: #4f6228;\"><span style=\"font-size: medium;\"><span lang=\"en-GB\">.<\/span><\/span><\/span><\/p>\n<p>\u25b7 <strong><span style=\"font-size: medium;\"><span lang=\"en-GB\">2014-2016 Campaigns<\/span><\/span><\/strong><\/p>\n<p><span style=\"font-size: medium;\"><span lang=\"en-GB\">The small amounts of money available from donations limited the activities performed; however the toilet and the electrical network at the upper floor were completed (2014); the interior plaster was completed in the annex building and the access gate, raised in the 2013 Campaign, was finished (2016); and some future works were prepared in advance by purchasing certain expensive necessary materials (2016). Details here \u2013 <\/span><\/span><a href=\"https:\/\/www.adoptaocasa.ro\/wp-content\/uploads\/2012\/07\/391_Raport-2014.pdf\"><span style=\"color: #4f6228;\"><span style=\"font-size: medium;\"><span lang=\"en-GB\"><u>Activity Report for 2014<\/u><\/span><\/span><\/span><\/a><span style=\"color: #4f6228;\"><span style=\"font-size: medium;\"><span lang=\"en-GB\">; <\/span><\/span><\/span><a href=\"https:\/\/www.adoptaocasa.ro\/wp-content\/uploads\/2012\/07\/391_Raport-2015.pdf\"><span style=\"color: #4f6228;\"><span style=\"font-size: medium;\"><span lang=\"en-GB\"><u>Activity Report for 2015<\/u><\/span><\/span><\/span><\/a><span style=\"font-size: medium;\"><span lang=\"en-GB\">; <\/span><\/span><a href=\"https:\/\/www.adoptaocasa.ro\/wp-content\/uploads\/2012\/07\/391_raport_2016.pdf\"><span style=\"color: #4f6228;\"><span style=\"font-size: medium;\"><span lang=\"en-GB\"><u>Activity Report for 2016<\/u><\/span><\/span><\/span><\/a><span style=\"color: #4f6228;\"><span style=\"font-size: medium;\"><span lang=\"en-GB\">.<\/span><\/span><\/span><\/p>\n<p>\u25b7 <strong><span style=\"font-size: medium;\"><span lang=\"en-GB\">2012-2013 Campaigns<\/span><\/span><\/strong><\/p>\n<p><span style=\"font-size: medium;\"><span lang=\"en-GB\">During these two campaigns significant works have been undertaken to rebuild the collapsed annex, to replace the severely damaged parts, to introduce a new roof framing, to mount a traditional shingle roofing or to restore\/add carpentry elements. Along with these works, the electrical and sanitary infrastructures were introduced and the sanitary ware (toilets) were installed. The plaster support was completed in the street-facing rooms and the finishing was applied (polishing plaster coat, painting). Details here \u2013 <\/span><\/span><a href=\"https:\/\/www.adoptaocasa.ro\/case\/391-raport2012\"><span style=\"color: #4f6228;\"><span style=\"font-size: medium;\"><span lang=\"en-GB\"><u>Activity Report for 2012<\/u><\/span><\/span><\/span><\/a><span style=\"font-size: medium;\"><span lang=\"en-GB\">;<\/span><\/span><a href=\"https:\/\/www.adoptaocasa.ro\/case\/391-raport2013\"><u> <\/u><span style=\"color: #4f6228;\"><span style=\"font-size: medium;\"><span lang=\"en-GB\"><u>Activity Report for 2013<\/u><\/span><\/span><\/span><\/a><span style=\"font-size: medium;\"><span lang=\"en-GB\">.<\/span><\/span><\/p>\n<p><span style=\"font-size: medium;\"><span lang=\"en-GB\"><b>5. <\/b><strong>Photo gallery \u2013 conservation status at the time of inclusion in the programme and during the programme.<\/strong><\/span><\/span><\/p>\n<p>\n\t\t<div id='gallery-4' class='gallery galleryid-32 gallery-columns-5 gallery-size-thumbnail gallery-link-file'><figure class='gallery-item'>\n\t\t\t<span class='gallery-icon'>\n\t\t\t\t<a rel='attachment' href='https:\/\/www.adoptaocasa.ro\/wp-content\/uploads\/2012\/07\/1-Casa-parohial\u0103-la-sf\u00e2r\u015fitul-campaniei-2010.jpg'><img width=\"150\" height=\"150\" src=\"https:\/\/www.adoptaocasa.ro\/wp-content\/uploads\/2012\/07\/1-Casa-parohial\u0103-la-sf\u00e2r\u015fitul-campaniei-2010-150x150.jpg\" class=\"attachment-thumbnail size-thumbnail\" alt=\"\" loading=\"lazy\" srcset=\"https:\/\/www.adoptaocasa.ro\/wp-content\/uploads\/2012\/07\/1-Casa-parohial\u0103-la-sf\u00e2r\u015fitul-campaniei-2010-150x150.jpg 150w, https:\/\/www.adoptaocasa.ro\/wp-content\/uploads\/2012\/07\/1-Casa-parohial\u0103-la-sf\u00e2r\u015fitul-campaniei-2010-222x222.jpg 222w\" sizes=\"(max-width: 150px) 100vw, 150px\" \/><\/a>\n\t\t\t<\/span>\n\t\t\t\t<figcaption class='wp-caption-text gallery-caption'>\n\t\t\t\tCasa parohial\u0103 la sf\u00e2r\u015fitul campaniei 2010\n\t\t\t\t<\/figcaption><\/figure><figure class='gallery-item'>\n\t\t\t<span class='gallery-icon'>\n\t\t\t\t<a rel='attachment' href='https:\/\/www.adoptaocasa.ro\/wp-content\/uploads\/2012\/07\/2-Casa-parohial\u0103-\u00eenainte-de-\u00eenceperea-lucr\u0103rilor-de-restaurare.-2007.jpg'><img width=\"150\" height=\"150\" src=\"https:\/\/www.adoptaocasa.ro\/wp-content\/uploads\/2012\/07\/2-Casa-parohial\u0103-\u00eenainte-de-\u00eenceperea-lucr\u0103rilor-de-restaurare.-2007-150x150.jpg\" class=\"attachment-thumbnail size-thumbnail\" alt=\"\" loading=\"lazy\" srcset=\"https:\/\/www.adoptaocasa.ro\/wp-content\/uploads\/2012\/07\/2-Casa-parohial\u0103-\u00eenainte-de-\u00eenceperea-lucr\u0103rilor-de-restaurare.-2007-150x150.jpg 150w, https:\/\/www.adoptaocasa.ro\/wp-content\/uploads\/2012\/07\/2-Casa-parohial\u0103-\u00eenainte-de-\u00eenceperea-lucr\u0103rilor-de-restaurare.-2007-222x222.jpg 222w\" sizes=\"(max-width: 150px) 100vw, 150px\" \/><\/a>\n\t\t\t<\/span>\n\t\t\t\t<figcaption class='wp-caption-text gallery-caption'>\n\t\t\t\tCasa parohial\u0103 \u00eenainte de \u00eenceperea lucr\u0103rilor de restaurare. 2007\n\t\t\t\t<\/figcaption><\/figure><figure class='gallery-item'>\n\t\t\t<span class='gallery-icon'>\n\t\t\t\t<a rel='attachment' href='https:\/\/www.adoptaocasa.ro\/wp-content\/uploads\/2012\/07\/3-Col\u0163ul-nord-vestic-al-fa\u0163adei-principale-grav-deteriorat-din-cauza-infiltra\u0163iilor-de-ap\u0103.-2007.jpg'><img width=\"150\" height=\"150\" src=\"https:\/\/www.adoptaocasa.ro\/wp-content\/uploads\/2012\/07\/3-Col\u0163ul-nord-vestic-al-fa\u0163adei-principale-grav-deteriorat-din-cauza-infiltra\u0163iilor-de-ap\u0103.-2007-150x150.jpg\" class=\"attachment-thumbnail size-thumbnail\" alt=\"\" loading=\"lazy\" srcset=\"https:\/\/www.adoptaocasa.ro\/wp-content\/uploads\/2012\/07\/3-Col\u0163ul-nord-vestic-al-fa\u0163adei-principale-grav-deteriorat-din-cauza-infiltra\u0163iilor-de-ap\u0103.-2007-150x150.jpg 150w, https:\/\/www.adoptaocasa.ro\/wp-content\/uploads\/2012\/07\/3-Col\u0163ul-nord-vestic-al-fa\u0163adei-principale-grav-deteriorat-din-cauza-infiltra\u0163iilor-de-ap\u0103.-2007-222x222.jpg 222w\" sizes=\"(max-width: 150px) 100vw, 150px\" \/><\/a>\n\t\t\t<\/span>\n\t\t\t\t<figcaption class='wp-caption-text gallery-caption'>\n\t\t\t\tCol\u0163ul nord-vestic al fa\u0163adei principale, grav deteriorat din cauza infiltra\u0163iilor de ap\u0103. 2007\n\t\t\t\t<\/figcaption><\/figure><figure class='gallery-item'>\n\t\t\t<span class='gallery-icon'>\n\t\t\t\t<a rel='attachment' href='https:\/\/www.adoptaocasa.ro\/wp-content\/uploads\/2012\/07\/5-\u015earpanta-cu-proptele-provizorii-\u00een-zonele-critice-\u015fi-expus\u0103-\u00een-zona-coamei.-2007.jpg'><img width=\"150\" height=\"150\" src=\"https:\/\/www.adoptaocasa.ro\/wp-content\/uploads\/2012\/07\/5-\u015earpanta-cu-proptele-provizorii-\u00een-zonele-critice-\u015fi-expus\u0103-\u00een-zona-coamei.-2007-150x150.jpg\" class=\"attachment-thumbnail size-thumbnail\" alt=\"\" loading=\"lazy\" srcset=\"https:\/\/www.adoptaocasa.ro\/wp-content\/uploads\/2012\/07\/5-\u015earpanta-cu-proptele-provizorii-\u00een-zonele-critice-\u015fi-expus\u0103-\u00een-zona-coamei.-2007-150x150.jpg 150w, https:\/\/www.adoptaocasa.ro\/wp-content\/uploads\/2012\/07\/5-\u015earpanta-cu-proptele-provizorii-\u00een-zonele-critice-\u015fi-expus\u0103-\u00een-zona-coamei.-2007-222x222.jpg 222w\" sizes=\"(max-width: 150px) 100vw, 150px\" \/><\/a>\n\t\t\t<\/span>\n\t\t\t\t<figcaption class='wp-caption-text gallery-caption'>\n\t\t\t\t\u015earpanta, cu proptele provizorii \u00een zonele critice \u015fi expus\u0103 \u00een zona coamei. 2007\n\t\t\t\t<\/figcaption><\/figure><figure class='gallery-item'>\n\t\t\t<span class='gallery-icon'>\n\t\t\t\t<a rel='attachment' href='https:\/\/www.adoptaocasa.ro\/wp-content\/uploads\/2012\/07\/6-\u00cenceputul-procesului-de-salvare-a-casei-parohiale-releveul-\u015fi-cercetarea-de-arhitectur\u0103.-2007-august..jpg'><img width=\"150\" height=\"150\" src=\"https:\/\/www.adoptaocasa.ro\/wp-content\/uploads\/2012\/07\/6-\u00cenceputul-procesului-de-salvare-a-casei-parohiale-releveul-\u015fi-cercetarea-de-arhitectur\u0103.-2007-august.-150x150.jpg\" class=\"attachment-thumbnail size-thumbnail\" alt=\"\" loading=\"lazy\" srcset=\"https:\/\/www.adoptaocasa.ro\/wp-content\/uploads\/2012\/07\/6-\u00cenceputul-procesului-de-salvare-a-casei-parohiale-releveul-\u015fi-cercetarea-de-arhitectur\u0103.-2007-august.-150x150.jpg 150w, https:\/\/www.adoptaocasa.ro\/wp-content\/uploads\/2012\/07\/6-\u00cenceputul-procesului-de-salvare-a-casei-parohiale-releveul-\u015fi-cercetarea-de-arhitectur\u0103.-2007-august.-222x222.jpg 222w\" sizes=\"(max-width: 150px) 100vw, 150px\" \/><\/a>\n\t\t\t<\/span>\n\t\t\t\t<figcaption class='wp-caption-text gallery-caption'>\n\t\t\t\t\u00cenceputul procesului de salvare a casei parohiale &#8211; releveul \u015fi cercetarea de arhitectur\u0103. 2007, august.\n\t\t\t\t<\/figcaption><\/figure><br style=\"clear: both\" \/><figure class='gallery-item'>\n\t\t\t<span class='gallery-icon'>\n\t\t\t\t<a rel='attachment' href='https:\/\/www.adoptaocasa.ro\/wp-content\/uploads\/2012\/07\/002.jpg'><img width=\"150\" height=\"150\" src=\"https:\/\/www.adoptaocasa.ro\/wp-content\/uploads\/2012\/07\/002-150x150.jpg\" class=\"attachment-thumbnail size-thumbnail\" alt=\"\" loading=\"lazy\" srcset=\"https:\/\/www.adoptaocasa.ro\/wp-content\/uploads\/2012\/07\/002-150x150.jpg 150w, https:\/\/www.adoptaocasa.ro\/wp-content\/uploads\/2012\/07\/002-222x222.jpg 222w\" sizes=\"(max-width: 150px) 100vw, 150px\" \/><\/a>\n\t\t\t<\/span>\n\t\t\t\t<figcaption class='wp-caption-text gallery-caption'>\n\t\t\t\tPlan de situa\u0163ie\n\t\t\t\t<\/figcaption><\/figure><figure class='gallery-item'>\n\t\t\t<span class='gallery-icon'>\n\t\t\t\t<a rel='attachment' href='https:\/\/www.adoptaocasa.ro\/wp-content\/uploads\/2012\/07\/8-Proiectul-de-restaurare-realizat-\u00een-2007-2008-\u015fi-autorizat-\u00een-2009..jpg'><img width=\"150\" height=\"150\" src=\"https:\/\/www.adoptaocasa.ro\/wp-content\/uploads\/2012\/07\/8-Proiectul-de-restaurare-realizat-\u00een-2007-2008-\u015fi-autorizat-\u00een-2009.-150x150.jpg\" class=\"attachment-thumbnail size-thumbnail\" alt=\"\" loading=\"lazy\" srcset=\"https:\/\/www.adoptaocasa.ro\/wp-content\/uploads\/2012\/07\/8-Proiectul-de-restaurare-realizat-\u00een-2007-2008-\u015fi-autorizat-\u00een-2009.-150x150.jpg 150w, https:\/\/www.adoptaocasa.ro\/wp-content\/uploads\/2012\/07\/8-Proiectul-de-restaurare-realizat-\u00een-2007-2008-\u015fi-autorizat-\u00een-2009.-222x222.jpg 222w\" sizes=\"(max-width: 150px) 100vw, 150px\" \/><\/a>\n\t\t\t<\/span>\n\t\t\t\t<figcaption class='wp-caption-text gallery-caption'>\n\t\t\t\tProiectul de restaurare, realizat \u00een 2007-2008 \u015fi autorizat \u00een 2009.\n\t\t\t\t<\/figcaption><\/figure><figure class='gallery-item'>\n\t\t\t<span class='gallery-icon'>\n\t\t\t\t<a rel='attachment' href='https:\/\/www.adoptaocasa.ro\/wp-content\/uploads\/2012\/07\/7-\u00cenceputul-procesului-de-salvare-a-casei-parohiale-releveul-\u015fi-cercetarea-de-arhitectur\u0103.-2007-august..jpg'><img width=\"150\" height=\"150\" src=\"https:\/\/www.adoptaocasa.ro\/wp-content\/uploads\/2012\/07\/7-\u00cenceputul-procesului-de-salvare-a-casei-parohiale-releveul-\u015fi-cercetarea-de-arhitectur\u0103.-2007-august.-150x150.jpg\" class=\"attachment-thumbnail size-thumbnail\" alt=\"\" loading=\"lazy\" srcset=\"https:\/\/www.adoptaocasa.ro\/wp-content\/uploads\/2012\/07\/7-\u00cenceputul-procesului-de-salvare-a-casei-parohiale-releveul-\u015fi-cercetarea-de-arhitectur\u0103.-2007-august.-150x150.jpg 150w, https:\/\/www.adoptaocasa.ro\/wp-content\/uploads\/2012\/07\/7-\u00cenceputul-procesului-de-salvare-a-casei-parohiale-releveul-\u015fi-cercetarea-de-arhitectur\u0103.-2007-august.-222x222.jpg 222w\" sizes=\"(max-width: 150px) 100vw, 150px\" \/><\/a>\n\t\t\t<\/span>\n\t\t\t\t<figcaption class='wp-caption-text gallery-caption'>\n\t\t\t\t\u00cenceputul procesului de salvare a casei parohiale &#8211; releveul \u015fi cercetarea de arhitectur\u0103. 2007, august.\n\t\t\t\t<\/figcaption><\/figure><figure class='gallery-item'>\n\t\t\t<span class='gallery-icon'>\n\t\t\t\t<a rel='attachment' href='https:\/\/www.adoptaocasa.ro\/wp-content\/uploads\/2012\/07\/9-Lucr\u0103ri-de-restaurare-structural\u0103-la-col\u0163ul-nord-vestic.-Desfacerea-zid\u0103riei-dislocate-\u015fi-rezidirea-cu-acela\u015fi-material-legat-cu-mortar-de-var-nisip.-2009..jpg'><img width=\"150\" height=\"150\" src=\"https:\/\/www.adoptaocasa.ro\/wp-content\/uploads\/2012\/07\/9-Lucr\u0103ri-de-restaurare-structural\u0103-la-col\u0163ul-nord-vestic.-Desfacerea-zid\u0103riei-dislocate-\u015fi-rezidirea-cu-acela\u015fi-material-legat-cu-mortar-de-var-nisip.-2009.-150x150.jpg\" class=\"attachment-thumbnail size-thumbnail\" alt=\"\" loading=\"lazy\" srcset=\"https:\/\/www.adoptaocasa.ro\/wp-content\/uploads\/2012\/07\/9-Lucr\u0103ri-de-restaurare-structural\u0103-la-col\u0163ul-nord-vestic.-Desfacerea-zid\u0103riei-dislocate-\u015fi-rezidirea-cu-acela\u015fi-material-legat-cu-mortar-de-var-nisip.-2009.-150x150.jpg 150w, https:\/\/www.adoptaocasa.ro\/wp-content\/uploads\/2012\/07\/9-Lucr\u0103ri-de-restaurare-structural\u0103-la-col\u0163ul-nord-vestic.-Desfacerea-zid\u0103riei-dislocate-\u015fi-rezidirea-cu-acela\u015fi-material-legat-cu-mortar-de-var-nisip.-2009.-222x222.jpg 222w\" sizes=\"(max-width: 150px) 100vw, 150px\" \/><\/a>\n\t\t\t<\/span>\n\t\t\t\t<figcaption class='wp-caption-text gallery-caption'>\n\t\t\t\tLucr\u0103ri de restaurare structural\u0103 la col\u0163ul nord-vestic. Desfacerea zid\u0103riei dislocate \u015fi rezidirea cu acela\u015fi material, legat cu mortar de var-nisip. 2009.\n\t\t\t\t<\/figcaption><\/figure><figure class='gallery-item'>\n\t\t\t<span class='gallery-icon'>\n\t\t\t\t<a rel='attachment' href='https:\/\/www.adoptaocasa.ro\/wp-content\/uploads\/2012\/07\/10-Col\u0163ul-nord-vestic-fa\u0163adei-principale-dup\u0103-rezidire.-2009.jpg'><img width=\"150\" height=\"150\" src=\"https:\/\/www.adoptaocasa.ro\/wp-content\/uploads\/2012\/07\/10-Col\u0163ul-nord-vestic-fa\u0163adei-principale-dup\u0103-rezidire.-2009-150x150.jpg\" class=\"attachment-thumbnail size-thumbnail\" alt=\"\" loading=\"lazy\" srcset=\"https:\/\/www.adoptaocasa.ro\/wp-content\/uploads\/2012\/07\/10-Col\u0163ul-nord-vestic-fa\u0163adei-principale-dup\u0103-rezidire.-2009-150x150.jpg 150w, https:\/\/www.adoptaocasa.ro\/wp-content\/uploads\/2012\/07\/10-Col\u0163ul-nord-vestic-fa\u0163adei-principale-dup\u0103-rezidire.-2009-222x222.jpg 222w\" sizes=\"(max-width: 150px) 100vw, 150px\" \/><\/a>\n\t\t\t<\/span>\n\t\t\t\t<figcaption class='wp-caption-text gallery-caption'>\n\t\t\t\tCol\u0163ul nord-vestic fa\u0163adei principale dup\u0103 rezidire. 2009\n\t\t\t\t<\/figcaption><\/figure><br style=\"clear: both\" \/><figure class='gallery-item'>\n\t\t\t<span class='gallery-icon'>\n\t\t\t\t<a rel='attachment' href='https:\/\/www.adoptaocasa.ro\/wp-content\/uploads\/2012\/07\/12-Lucr\u0103rile-de-restaurare-a-acoperi\u015fului-revizuirea-\u015farpantei-\u015fi-\u00eenlocuirea-elementelor-sau-p\u0103r\u0163ilor-de-elemente-cosoroabe-grind\u0103-de-coam\u0103-c\u0103priori-deteriorate-\u015fi-preg\u0103tirea-stratului-suport-pentru-\u00eenvelitoare.-2009.jpg'><img width=\"150\" height=\"150\" src=\"https:\/\/www.adoptaocasa.ro\/wp-content\/uploads\/2012\/07\/12-Lucr\u0103rile-de-restaurare-a-acoperi\u015fului-revizuirea-\u015farpantei-\u015fi-\u00eenlocuirea-elementelor-sau-p\u0103r\u0163ilor-de-elemente-cosoroabe-grind\u0103-de-coam\u0103-c\u0103priori-deteriorate-\u015fi-preg\u0103tirea-stratului-suport-pentru-\u00eenvelitoare.-2009-150x150.jpg\" class=\"attachment-thumbnail size-thumbnail\" alt=\"\" loading=\"lazy\" srcset=\"https:\/\/www.adoptaocasa.ro\/wp-content\/uploads\/2012\/07\/12-Lucr\u0103rile-de-restaurare-a-acoperi\u015fului-revizuirea-\u015farpantei-\u015fi-\u00eenlocuirea-elementelor-sau-p\u0103r\u0163ilor-de-elemente-cosoroabe-grind\u0103-de-coam\u0103-c\u0103priori-deteriorate-\u015fi-preg\u0103tirea-stratului-suport-pentru-\u00eenvelitoare.-2009-150x150.jpg 150w, https:\/\/www.adoptaocasa.ro\/wp-content\/uploads\/2012\/07\/12-Lucr\u0103rile-de-restaurare-a-acoperi\u015fului-revizuirea-\u015farpantei-\u015fi-\u00eenlocuirea-elementelor-sau-p\u0103r\u0163ilor-de-elemente-cosoroabe-grind\u0103-de-coam\u0103-c\u0103priori-deteriorate-\u015fi-preg\u0103tirea-stratului-suport-pentru-\u00eenvelitoare.-2009-222x222.jpg 222w\" sizes=\"(max-width: 150px) 100vw, 150px\" \/><\/a>\n\t\t\t<\/span>\n\t\t\t\t<figcaption class='wp-caption-text gallery-caption'>\n\t\t\t\tLucr\u0103rile de restaurare a acoperi\u015fului &#8211; revizuirea \u015farpantei \u015fi \u00eenlocuirea elementelor sau p\u0103r\u0163ilor de elemente deteriorate \u015fi preg\u0103tirea stratului suport pentru \u00eenvelitoare. 2009\n\t\t\t\t<\/figcaption><\/figure><figure class='gallery-item'>\n\t\t\t<span class='gallery-icon'>\n\t\t\t\t<a rel='attachment' href='https:\/\/www.adoptaocasa.ro\/wp-content\/uploads\/2012\/07\/14-Montarea-\u00eenvelitorii-din-solzi-de-fibrociment.-2009.jpg'><img width=\"150\" height=\"150\" src=\"https:\/\/www.adoptaocasa.ro\/wp-content\/uploads\/2012\/07\/14-Montarea-\u00eenvelitorii-din-solzi-de-fibrociment.-2009-150x150.jpg\" class=\"attachment-thumbnail size-thumbnail\" alt=\"\" loading=\"lazy\" srcset=\"https:\/\/www.adoptaocasa.ro\/wp-content\/uploads\/2012\/07\/14-Montarea-\u00eenvelitorii-din-solzi-de-fibrociment.-2009-150x150.jpg 150w, https:\/\/www.adoptaocasa.ro\/wp-content\/uploads\/2012\/07\/14-Montarea-\u00eenvelitorii-din-solzi-de-fibrociment.-2009-222x222.jpg 222w\" sizes=\"(max-width: 150px) 100vw, 150px\" \/><\/a>\n\t\t\t<\/span>\n\t\t\t\t<figcaption class='wp-caption-text gallery-caption'>\n\t\t\t\tMontarea \u00eenvelitorii din solzi de fibrociment. 2009\n\t\t\t\t<\/figcaption><\/figure><figure class='gallery-item'>\n\t\t\t<span class='gallery-icon'>\n\t\t\t\t<a rel='attachment' href='https:\/\/www.adoptaocasa.ro\/wp-content\/uploads\/2012\/07\/18-Golul-dintre-pr\u0103v\u0103lie-\u015fi-pivni\u0163\u0103-obturat-cu-o-zid\u0103rie-executat\u0103-neglijent-cu-materiale-recuperate..jpg'><img width=\"150\" height=\"150\" src=\"https:\/\/www.adoptaocasa.ro\/wp-content\/uploads\/2012\/07\/18-Golul-dintre-pr\u0103v\u0103lie-\u015fi-pivni\u0163\u0103-obturat-cu-o-zid\u0103rie-executat\u0103-neglijent-cu-materiale-recuperate.-150x150.jpg\" class=\"attachment-thumbnail size-thumbnail\" alt=\"\" loading=\"lazy\" srcset=\"https:\/\/www.adoptaocasa.ro\/wp-content\/uploads\/2012\/07\/18-Golul-dintre-pr\u0103v\u0103lie-\u015fi-pivni\u0163\u0103-obturat-cu-o-zid\u0103rie-executat\u0103-neglijent-cu-materiale-recuperate.-150x150.jpg 150w, https:\/\/www.adoptaocasa.ro\/wp-content\/uploads\/2012\/07\/18-Golul-dintre-pr\u0103v\u0103lie-\u015fi-pivni\u0163\u0103-obturat-cu-o-zid\u0103rie-executat\u0103-neglijent-cu-materiale-recuperate.-222x222.jpg 222w\" sizes=\"(max-width: 150px) 100vw, 150px\" \/><\/a>\n\t\t\t<\/span>\n\t\t\t\t<figcaption class='wp-caption-text gallery-caption'>\n\t\t\t\tGolul dintre pr\u0103v\u0103lie \u015fi pivni\u0163\u0103, obturat cu o zid\u0103rie executat\u0103 neglijent, cu materiale recuperate.\n\t\t\t\t<\/figcaption><\/figure><figure class='gallery-item'>\n\t\t\t<span class='gallery-icon'>\n\t\t\t\t<a rel='attachment' href='https:\/\/www.adoptaocasa.ro\/wp-content\/uploads\/2012\/07\/21-Plan\u015feul-de-peste-parter-\u00eenlocuirea-a-trei-grinzi-\u00een\u0103dite-\u015fi-afectate-de-un-incendiu..jpg'><img width=\"150\" height=\"150\" src=\"https:\/\/www.adoptaocasa.ro\/wp-content\/uploads\/2012\/07\/21-Plan\u015feul-de-peste-parter-\u00eenlocuirea-a-trei-grinzi-\u00een\u0103dite-\u015fi-afectate-de-un-incendiu.-150x150.jpg\" class=\"attachment-thumbnail size-thumbnail\" alt=\"\" loading=\"lazy\" srcset=\"https:\/\/www.adoptaocasa.ro\/wp-content\/uploads\/2012\/07\/21-Plan\u015feul-de-peste-parter-\u00eenlocuirea-a-trei-grinzi-\u00een\u0103dite-\u015fi-afectate-de-un-incendiu.-150x150.jpg 150w, https:\/\/www.adoptaocasa.ro\/wp-content\/uploads\/2012\/07\/21-Plan\u015feul-de-peste-parter-\u00eenlocuirea-a-trei-grinzi-\u00een\u0103dite-\u015fi-afectate-de-un-incendiu.-222x222.jpg 222w\" sizes=\"(max-width: 150px) 100vw, 150px\" \/><\/a>\n\t\t\t<\/span>\n\t\t\t\t<figcaption class='wp-caption-text gallery-caption'>\n\t\t\t\tPlan\u015feul de peste parter &#8211; \u00eenlocuirea a trei grinzi, \u00een\u0103dite \u015fi afectate de un incendiu.\n\t\t\t\t<\/figcaption><\/figure><figure class='gallery-item'>\n\t\t\t<span class='gallery-icon'>\n\t\t\t\t<a rel='attachment' href='https:\/\/www.adoptaocasa.ro\/wp-content\/uploads\/2012\/07\/22-Grind\u0103-metalic\u0103-introdus\u0103-pentru-a-distribui-\u00eenc\u0103rcarea-plan\u015feului-\u00een-zona-grinzilor-\u00eenlocuite-deasupra-golului-desf\u0103cut-\u015fi-a-arcului-de-c\u0103r\u0103mid\u0103-reconstituit..jpg'><img width=\"150\" height=\"150\" src=\"https:\/\/www.adoptaocasa.ro\/wp-content\/uploads\/2012\/07\/22-Grind\u0103-metalic\u0103-introdus\u0103-pentru-a-distribui-\u00eenc\u0103rcarea-plan\u015feului-\u00een-zona-grinzilor-\u00eenlocuite-deasupra-golului-desf\u0103cut-\u015fi-a-arcului-de-c\u0103r\u0103mid\u0103-reconstituit.-150x150.jpg\" class=\"attachment-thumbnail size-thumbnail\" alt=\"\" loading=\"lazy\" srcset=\"https:\/\/www.adoptaocasa.ro\/wp-content\/uploads\/2012\/07\/22-Grind\u0103-metalic\u0103-introdus\u0103-pentru-a-distribui-\u00eenc\u0103rcarea-plan\u015feului-\u00een-zona-grinzilor-\u00eenlocuite-deasupra-golului-desf\u0103cut-\u015fi-a-arcului-de-c\u0103r\u0103mid\u0103-reconstituit.-150x150.jpg 150w, https:\/\/www.adoptaocasa.ro\/wp-content\/uploads\/2012\/07\/22-Grind\u0103-metalic\u0103-introdus\u0103-pentru-a-distribui-\u00eenc\u0103rcarea-plan\u015feului-\u00een-zona-grinzilor-\u00eenlocuite-deasupra-golului-desf\u0103cut-\u015fi-a-arcului-de-c\u0103r\u0103mid\u0103-reconstituit.-222x222.jpg 222w\" sizes=\"(max-width: 150px) 100vw, 150px\" \/><\/a>\n\t\t\t<\/span>\n\t\t\t\t<figcaption class='wp-caption-text gallery-caption'>\n\t\t\t\tGrind\u0103 metalic\u0103 introdus\u0103 pentru a distribui \u00eenc\u0103rcarea plan\u015feului \u00een zona grinzilor \u00eenlocuite, deasupra golului desf\u0103cut \u015fi a arcului de c\u0103r\u0103mid\u0103 reconstituit.\n\t\t\t\t<\/figcaption><\/figure><br style=\"clear: both\" \/><figure class='gallery-item'>\n\t\t\t<span class='gallery-icon'>\n\t\t\t\t<a rel='attachment' href='https:\/\/www.adoptaocasa.ro\/wp-content\/uploads\/2012\/07\/23-Pivni\u0163a-conslidarea-zid\u0103riei-prin-cur\u0103\u0163area-rosturilor-\u00een-ad\u00e2ncime-rerostuire-\u015fi-apoi-tencuire-cu-mortar-de-var-nisip..jpg'><img width=\"150\" height=\"150\" src=\"https:\/\/www.adoptaocasa.ro\/wp-content\/uploads\/2012\/07\/23-Pivni\u0163a-conslidarea-zid\u0103riei-prin-cur\u0103\u0163area-rosturilor-\u00een-ad\u00e2ncime-rerostuire-\u015fi-apoi-tencuire-cu-mortar-de-var-nisip.-150x150.jpg\" class=\"attachment-thumbnail size-thumbnail\" alt=\"\" loading=\"lazy\" srcset=\"https:\/\/www.adoptaocasa.ro\/wp-content\/uploads\/2012\/07\/23-Pivni\u0163a-conslidarea-zid\u0103riei-prin-cur\u0103\u0163area-rosturilor-\u00een-ad\u00e2ncime-rerostuire-\u015fi-apoi-tencuire-cu-mortar-de-var-nisip.-150x150.jpg 150w, https:\/\/www.adoptaocasa.ro\/wp-content\/uploads\/2012\/07\/23-Pivni\u0163a-conslidarea-zid\u0103riei-prin-cur\u0103\u0163area-rosturilor-\u00een-ad\u00e2ncime-rerostuire-\u015fi-apoi-tencuire-cu-mortar-de-var-nisip.-222x222.jpg 222w\" sizes=\"(max-width: 150px) 100vw, 150px\" \/><\/a>\n\t\t\t<\/span>\n\t\t\t\t<figcaption class='wp-caption-text gallery-caption'>\n\t\t\t\tPivni\u0163a &#8211; conslidarea zid\u0103riei prin cur\u0103\u0163area rosturilor \u00een ad\u00e2ncime, rerostuire \u015fi apoi tencuire cu mortar de var-nisip.\n\t\t\t\t<\/figcaption><\/figure><figure class='gallery-item'>\n\t\t\t<span class='gallery-icon'>\n\t\t\t\t<a rel='attachment' href='https:\/\/www.adoptaocasa.ro\/wp-content\/uploads\/2012\/07\/24-Pivni\u0163a-turnarea-stratului-suport-din-beton-de-var-al-pardoselii..jpg'><img width=\"150\" height=\"150\" src=\"https:\/\/www.adoptaocasa.ro\/wp-content\/uploads\/2012\/07\/24-Pivni\u0163a-turnarea-stratului-suport-din-beton-de-var-al-pardoselii.-150x150.jpg\" class=\"attachment-thumbnail size-thumbnail\" alt=\"\" loading=\"lazy\" srcset=\"https:\/\/www.adoptaocasa.ro\/wp-content\/uploads\/2012\/07\/24-Pivni\u0163a-turnarea-stratului-suport-din-beton-de-var-al-pardoselii.-150x150.jpg 150w, https:\/\/www.adoptaocasa.ro\/wp-content\/uploads\/2012\/07\/24-Pivni\u0163a-turnarea-stratului-suport-din-beton-de-var-al-pardoselii.-222x222.jpg 222w\" sizes=\"(max-width: 150px) 100vw, 150px\" \/><\/a>\n\t\t\t<\/span>\n\t\t\t\t<figcaption class='wp-caption-text gallery-caption'>\n\t\t\t\tPivni\u0163a &#8211; turnarea stratului suport, din beton de var, al pardoselii.\n\t\t\t\t<\/figcaption><\/figure><figure class='gallery-item'>\n\t\t\t<span class='gallery-icon'>\n\t\t\t\t<a rel='attachment' href='https:\/\/www.adoptaocasa.ro\/wp-content\/uploads\/2012\/07\/25-Pivni\u0163a-pavajul-din-c\u0103r\u0103mid\u0103-manual\u0103..jpg'><img width=\"150\" height=\"150\" src=\"https:\/\/www.adoptaocasa.ro\/wp-content\/uploads\/2012\/07\/25-Pivni\u0163a-pavajul-din-c\u0103r\u0103mid\u0103-manual\u0103.-150x150.jpg\" class=\"attachment-thumbnail size-thumbnail\" alt=\"\" loading=\"lazy\" srcset=\"https:\/\/www.adoptaocasa.ro\/wp-content\/uploads\/2012\/07\/25-Pivni\u0163a-pavajul-din-c\u0103r\u0103mid\u0103-manual\u0103.-150x150.jpg 150w, https:\/\/www.adoptaocasa.ro\/wp-content\/uploads\/2012\/07\/25-Pivni\u0163a-pavajul-din-c\u0103r\u0103mid\u0103-manual\u0103.-222x222.jpg 222w\" sizes=\"(max-width: 150px) 100vw, 150px\" \/><\/a>\n\t\t\t<\/span>\n\t\t\t\t<figcaption class='wp-caption-text gallery-caption'>\n\t\t\t\tPivni\u0163a &#8211; pavajul din c\u0103r\u0103mid\u0103 manual\u0103.\n\t\t\t\t<\/figcaption><\/figure><figure class='gallery-item'>\n\t\t\t<span class='gallery-icon'>\n\t\t\t\t<a rel='attachment' href='https:\/\/www.adoptaocasa.ro\/wp-content\/uploads\/2012\/07\/26-Lucr\u0103ri-de-restaurare-de-parament-retencuirea-cu-mortar-de-var-nisip-a-zonelor-reparate-anterior-cu-mortar-de-ciment-acum-\u00eenl\u0103turat..jpg'><img width=\"150\" height=\"150\" src=\"https:\/\/www.adoptaocasa.ro\/wp-content\/uploads\/2012\/07\/26-Lucr\u0103ri-de-restaurare-de-parament-retencuirea-cu-mortar-de-var-nisip-a-zonelor-reparate-anterior-cu-mortar-de-ciment-acum-\u00eenl\u0103turat.-150x150.jpg\" class=\"attachment-thumbnail size-thumbnail\" alt=\"\" loading=\"lazy\" srcset=\"https:\/\/www.adoptaocasa.ro\/wp-content\/uploads\/2012\/07\/26-Lucr\u0103ri-de-restaurare-de-parament-retencuirea-cu-mortar-de-var-nisip-a-zonelor-reparate-anterior-cu-mortar-de-ciment-acum-\u00eenl\u0103turat.-150x150.jpg 150w, https:\/\/www.adoptaocasa.ro\/wp-content\/uploads\/2012\/07\/26-Lucr\u0103ri-de-restaurare-de-parament-retencuirea-cu-mortar-de-var-nisip-a-zonelor-reparate-anterior-cu-mortar-de-ciment-acum-\u00eenl\u0103turat.-222x222.jpg 222w\" sizes=\"(max-width: 150px) 100vw, 150px\" \/><\/a>\n\t\t\t<\/span>\n\t\t\t\t<figcaption class='wp-caption-text gallery-caption'>\n\t\t\t\tLucr\u0103ri de restaurare de parament &#8211; retencuirea cu mortar de var-nisip a zonelor reparate anterior cu mortar de ciment &#8211; acum \u00eenl\u0103turat.\n\t\t\t\t<\/figcaption><\/figure><figure class='gallery-item'>\n\t\t\t<span class='gallery-icon'>\n\t\t\t\t<a rel='attachment' href='https:\/\/www.adoptaocasa.ro\/wp-content\/uploads\/2012\/07\/29-Zidul-de-terasare-\u015fi-delimitare-spre-strad\u0103-din-zid\u0103rie-seac\u0103-de-piatr\u0103-reconstruit.-T\u00e2mpl\u0103ria-ferestre-recondi\u0163ionat\u0103-\u015fi-revopsit\u0103..jpg'><img width=\"150\" height=\"150\" src=\"https:\/\/www.adoptaocasa.ro\/wp-content\/uploads\/2012\/07\/29-Zidul-de-terasare-\u015fi-delimitare-spre-strad\u0103-din-zid\u0103rie-seac\u0103-de-piatr\u0103-reconstruit.-T\u00e2mpl\u0103ria-ferestre-recondi\u0163ionat\u0103-\u015fi-revopsit\u0103.-150x150.jpg\" class=\"attachment-thumbnail size-thumbnail\" alt=\"\" loading=\"lazy\" srcset=\"https:\/\/www.adoptaocasa.ro\/wp-content\/uploads\/2012\/07\/29-Zidul-de-terasare-\u015fi-delimitare-spre-strad\u0103-din-zid\u0103rie-seac\u0103-de-piatr\u0103-reconstruit.-T\u00e2mpl\u0103ria-ferestre-recondi\u0163ionat\u0103-\u015fi-revopsit\u0103.-150x150.jpg 150w, https:\/\/www.adoptaocasa.ro\/wp-content\/uploads\/2012\/07\/29-Zidul-de-terasare-\u015fi-delimitare-spre-strad\u0103-din-zid\u0103rie-seac\u0103-de-piatr\u0103-reconstruit.-T\u00e2mpl\u0103ria-ferestre-recondi\u0163ionat\u0103-\u015fi-revopsit\u0103.-222x222.jpg 222w\" sizes=\"(max-width: 150px) 100vw, 150px\" \/><\/a>\n\t\t\t<\/span>\n\t\t\t\t<figcaption class='wp-caption-text gallery-caption'>\n\t\t\t\tZidul de terasare \u015fi delimitare spre strad\u0103, din zid\u0103rie seac\u0103 de piatr\u0103, reconstruit. T\u00e2mpl\u0103ria (ferestre) recondi\u0163ionat\u0103 \u015fi revopsit\u0103.\n\t\t\t\t<\/figcaption><\/figure><br style=\"clear: both\" \/><figure class='gallery-item'>\n\t\t\t<span class='gallery-icon'>\n\t\t\t\t<a rel='attachment' href='https:\/\/www.adoptaocasa.ro\/wp-content\/uploads\/2012\/07\/33-Din-partea-ARA-proiectan\u0163ii-\u015fi-coordonatorii-lucr\u0103rii-prezen\u0163i-pe-\u015fantier..jpg'><img width=\"150\" height=\"150\" src=\"https:\/\/www.adoptaocasa.ro\/wp-content\/uploads\/2012\/07\/33-Din-partea-ARA-proiectan\u0163ii-\u015fi-coordonatorii-lucr\u0103rii-prezen\u0163i-pe-\u015fantier.-150x150.jpg\" class=\"attachment-thumbnail size-thumbnail\" alt=\"\" loading=\"lazy\" srcset=\"https:\/\/www.adoptaocasa.ro\/wp-content\/uploads\/2012\/07\/33-Din-partea-ARA-proiectan\u0163ii-\u015fi-coordonatorii-lucr\u0103rii-prezen\u0163i-pe-\u015fantier.-150x150.jpg 150w, https:\/\/www.adoptaocasa.ro\/wp-content\/uploads\/2012\/07\/33-Din-partea-ARA-proiectan\u0163ii-\u015fi-coordonatorii-lucr\u0103rii-prezen\u0163i-pe-\u015fantier.-222x222.jpg 222w\" sizes=\"(max-width: 150px) 100vw, 150px\" \/><\/a>\n\t\t\t<\/span>\n\t\t\t\t<figcaption class='wp-caption-text gallery-caption'>\n\t\t\t\tDin partea ARA, proiectan\u0163ii \u015fi coordonatorii lucr\u0103rii, prezen\u0163i pe \u015fantier.\n\t\t\t\t<\/figcaption><\/figure><figure class='gallery-item'>\n\t\t\t<span class='gallery-icon'>\n\t\t\t\t<a rel='attachment' href='https:\/\/www.adoptaocasa.ro\/wp-content\/uploads\/2012\/07\/34-Studen\u0163i-participan\u0163i-la-\u015fcolile-de-var\u0103-ARA-implica\u0163i-\u00een-lucr\u0103rile-de-restaurare..jpg'><img width=\"150\" height=\"150\" src=\"https:\/\/www.adoptaocasa.ro\/wp-content\/uploads\/2012\/07\/34-Studen\u0163i-participan\u0163i-la-\u015fcolile-de-var\u0103-ARA-implica\u0163i-\u00een-lucr\u0103rile-de-restaurare.-150x150.jpg\" class=\"attachment-thumbnail size-thumbnail\" alt=\"\" loading=\"lazy\" srcset=\"https:\/\/www.adoptaocasa.ro\/wp-content\/uploads\/2012\/07\/34-Studen\u0163i-participan\u0163i-la-\u015fcolile-de-var\u0103-ARA-implica\u0163i-\u00een-lucr\u0103rile-de-restaurare.-150x150.jpg 150w, https:\/\/www.adoptaocasa.ro\/wp-content\/uploads\/2012\/07\/34-Studen\u0163i-participan\u0163i-la-\u015fcolile-de-var\u0103-ARA-implica\u0163i-\u00een-lucr\u0103rile-de-restaurare.-222x222.jpg 222w\" sizes=\"(max-width: 150px) 100vw, 150px\" \/><\/a>\n\t\t\t<\/span>\n\t\t\t\t<figcaption class='wp-caption-text gallery-caption'>\n\t\t\t\tStuden\u0163i participan\u0163i la \u015fcolile de var\u0103 ARA, implica\u0163i \u00een lucr\u0103rile de restaurare.\n\t\t\t\t<\/figcaption><\/figure><figure class='gallery-item'>\n\t\t\t<span class='gallery-icon'>\n\t\t\t\t<a rel='attachment' href='https:\/\/www.adoptaocasa.ro\/wp-content\/uploads\/2017\/06\/3.png'><img width=\"150\" height=\"150\" src=\"https:\/\/www.adoptaocasa.ro\/wp-content\/uploads\/2017\/06\/3-150x150.png\" class=\"attachment-thumbnail size-thumbnail\" alt=\"\" loading=\"lazy\" srcset=\"https:\/\/www.adoptaocasa.ro\/wp-content\/uploads\/2017\/06\/3-150x150.png 150w, https:\/\/www.adoptaocasa.ro\/wp-content\/uploads\/2017\/06\/3-75x75.png 75w, https:\/\/www.adoptaocasa.ro\/wp-content\/uploads\/2017\/06\/3-222x222.png 222w\" sizes=\"(max-width: 150px) 100vw, 150px\" \/><\/a>\n\t\t\t<\/span><\/figure><figure class='gallery-item'>\n\t\t\t<span class='gallery-icon'>\n\t\t\t\t<a rel='attachment' href='https:\/\/www.adoptaocasa.ro\/wp-content\/uploads\/2017\/06\/1.png'><img width=\"150\" height=\"150\" src=\"https:\/\/www.adoptaocasa.ro\/wp-content\/uploads\/2017\/06\/1-150x150.png\" class=\"attachment-thumbnail size-thumbnail\" alt=\"\" loading=\"lazy\" srcset=\"https:\/\/www.adoptaocasa.ro\/wp-content\/uploads\/2017\/06\/1-150x150.png 150w, https:\/\/www.adoptaocasa.ro\/wp-content\/uploads\/2017\/06\/1-75x75.png 75w, https:\/\/www.adoptaocasa.ro\/wp-content\/uploads\/2017\/06\/1-222x222.png 222w\" sizes=\"(max-width: 150px) 100vw, 150px\" \/><\/a>\n\t\t\t<\/span><\/figure><figure class='gallery-item'>\n\t\t\t<span class='gallery-icon'>\n\t\t\t\t<a rel='attachment' href='https:\/\/www.adoptaocasa.ro\/wp-content\/uploads\/2017\/06\/2.png'><img width=\"150\" height=\"150\" src=\"https:\/\/www.adoptaocasa.ro\/wp-content\/uploads\/2017\/06\/2-150x150.png\" class=\"attachment-thumbnail size-thumbnail\" alt=\"\" loading=\"lazy\" srcset=\"https:\/\/www.adoptaocasa.ro\/wp-content\/uploads\/2017\/06\/2-150x150.png 150w, https:\/\/www.adoptaocasa.ro\/wp-content\/uploads\/2017\/06\/2-75x75.png 75w, https:\/\/www.adoptaocasa.ro\/wp-content\/uploads\/2017\/06\/2-222x222.png 222w\" sizes=\"(max-width: 150px) 100vw, 150px\" \/><\/a>\n\t\t\t<\/span><\/figure><br style=\"clear: both\" \/>\n\t\t\t<div class='clear'><\/div>\n\t\t<\/div>\n<\/p>","protected":false},"excerpt":{"rendered":"<p>Consolidation, restoration and rehabilitation works meant to unveil the historic and aesthetic values of the house and the reactivation of its social role, by installing a Centre for Heritage Interpretation.<\/p>\n","protected":false},"author":1,"featured_media":3666,"comment_status":"open","ping_status":"open","sticky":false,"template":"","format":"standard","meta":{"_mi_skip_tracking":false,"_monsterinsights_sitenote_active":false,"_monsterinsights_sitenote_note":"","_monsterinsights_sitenote_category":0},"categories":[1],"tags":[],"_links":{"self":[{"href":"https:\/\/www.adoptaocasa.ro\/en\/wp-json\/wp\/v2\/posts\/32"}],"collection":[{"href":"https:\/\/www.adoptaocasa.ro\/en\/wp-json\/wp\/v2\/posts"}],"about":[{"href":"https:\/\/www.adoptaocasa.ro\/en\/wp-json\/wp\/v2\/types\/post"}],"author":[{"embeddable":true,"href":"https:\/\/www.adoptaocasa.ro\/en\/wp-json\/wp\/v2\/users\/1"}],"replies":[{"embeddable":true,"href":"https:\/\/www.adoptaocasa.ro\/en\/wp-json\/wp\/v2\/comments?post=32"}],"version-history":[{"count":127,"href":"https:\/\/www.adoptaocasa.ro\/en\/wp-json\/wp\/v2\/posts\/32\/revisions"}],"predecessor-version":[{"id":4303,"href":"https:\/\/www.adoptaocasa.ro\/en\/wp-json\/wp\/v2\/posts\/32\/revisions\/4303"}],"wp:featuredmedia":[{"embeddable":true,"href":"https:\/\/www.adoptaocasa.ro\/en\/wp-json\/wp\/v2\/media\/3666"}],"wp:attachment":[{"href":"https:\/\/www.adoptaocasa.ro\/en\/wp-json\/wp\/v2\/media?parent=32"}],"wp:term":[{"taxonomy":"category","embeddable":true,"href":"https:\/\/www.adoptaocasa.ro\/en\/wp-json\/wp\/v2\/categories?post=32"},{"taxonomy":"post_tag","embeddable":true,"href":"https:\/\/www.adoptaocasa.ro\/en\/wp-json\/wp\/v2\/tags?post=32"}],"curies":[{"name":"wp","href":"https:\/\/api.w.org\/{rel}","templated":true}]}}